{"id":23991,"date":"2010-11-05T11:50:41","date_gmt":"2010-11-05T10:50:41","guid":{"rendered":"http:\/\/www.hier-luebeck.de\/?p=23991"},"modified":"2010-11-05T11:50:41","modified_gmt":"2010-11-05T10:50:41","slug":"schleswig-holsteins-ministerprasident-peter-harry-carstensen-im-bundesrat-erfolgreiche-meerespolitik-der-europaischen-union-muss-fortgefuhrt-werden","status":"publish","type":"post","link":"https:\/\/hier-luebeck.de\/index.php\/schleswig-holsteins-ministerprasident-peter-harry-carstensen-im-bundesrat-erfolgreiche-meerespolitik-der-europaischen-union-muss-fortgefuhrt-werden\/","title":{"rendered":"Schleswig-Holsteins Ministerpr\u00e4sident Peter Harry Carstensen im Bundesrat: Erfolgreiche Meerespolitik der Europ\u00e4ischen Union muss fortgef\u00fchrt werden"},"content":{"rendered":"<p>F\u00fcr eine Fortf\u00fchrung der Meerespolitik der Europ\u00e4ischen Union (EU) hat sich Schleswig-Holsteins Ministerpr\u00e4sident Peter Harry Carstensen im Bundesrat eingesetzt. &#8222;&#8220;Die europ\u00e4ische Meerespolitik birgt gro\u00dfe Chancen f\u00fcr ein nachhaltiges Wachstum der maritimen Wirtschaft. Gleichzeitig sichert sie den Schutz der Meeresumwelt und ihrer Ressourcen. Wir unterst\u00fctzen deshalb ausdr\u00fccklich die Absicht der EU-Kommission, Projekte einer nachhaltigen Nutzung unserer Meere weiter fortzuf\u00fchren&#8220;&#8220;, sagte der Regierungschef heute (5. November) im Bundesrat in Berlin.<!--more--><\/p>\n<p>Die K\u00fcsten Europas st\u00fcnden vor gro\u00dfen Herausforderungen, sagte der Ministerpr\u00e4sident weiter. &#8222;&#8220;Klimawandel, Umweltgefahren und Versorgungsunsicherheiten \u2013 die Politik hat dem etwas entgegenzusetzen, n\u00e4mlich die gezielte F\u00f6rderung von exzellenter meereswissenschaftlicher Forschung und Technologie.&#8220;&#8220; Die Meerespolitik der EU beruhe auf der Erkenntnis, dass alle maritimen Fragen miteinander verbunden seien. &#8222;&#8220;Wir m\u00fcssen meeresbezogene Ma\u00dfnahmen koordiniert und gemeinsam ergreifen. Nur so k\u00f6nnen wir unsere Ziele erreichen&#8220;&#8220;, so Carstensen.<\/p>\n<p>Auf Initiative Schleswig-Holsteins hatten die vier norddeutschen L\u00e4nder Hamburg, Mecklenburg-Vorpommern, Niedersachsen und Schleswig-Holstein einen gemeinsamen Antrag in den Bundesrat eingebracht. Der Bundesrat soll danach den Vorschlag der EU-Kommission unterst\u00fctzen, mit 50 Millionen Euro bis 2013 Projekte f\u00fcr eine nachhaltige Nutzung der Meere sowie f\u00fcr den Schutz der Meeresumwelt weiterzuf\u00fchren. Einer formellen Zustimmung zu dem Vorschlag bedarf es nicht.<\/p>\n<p>Um die erfolgreiche europ\u00e4ische Meerespolitik fortzuf\u00fchren, brauche es auch weiterhin europ\u00e4ische F\u00f6rdermittel, sagte Carstensen. Mit dem Antrag soll der Bundesrat deshalb die Bundesregierung auffordern, sich im Zusammenhang mit der mehrj\u00e4hrigen Finanzplanung der EU auch f\u00fcr entsprechende Mittel ab 2014 einzusetzen.<\/p>\n","protected":false},"excerpt":{"rendered":"<p>F\u00fcr eine Fortf\u00fchrung der Meerespolitik der Europ\u00e4ischen Union (EU) hat sich Schleswig-Holsteins Ministerpr\u00e4sident Peter Harry Carstensen im Bundesrat eingesetzt. &#8222;&#8220;Die<\/p>\n","protected":false},"author":3,"featured_media":0,"comment_status":"open","ping_status":"open","sticky":false,"template":"","format":"standard","meta":{"colormag_page_container_layout":"default_layout","colormag_page_sidebar_layout":"default_layout","footnotes":""},"categories":[20],"tags":[],"class_list":["post-23991","post","type-post","status-publish","format-standard","hentry","category-besondere-neuigkeiten"],"_links":{"self":[{"href":"https:\/\/hier-luebeck.de\/index.php\/wp-json\/wp\/v2\/posts\/23991","targetHints":{"allow":["GET"]}}],"collection":[{"href":"https:\/\/hier-luebeck.de\/index.php\/wp-json\/wp\/v2\/posts"}],"about":[{"href":"https:\/\/hier-luebeck.de\/index.php\/wp-json\/wp\/v2\/types\/post"}],"author":[{"embeddable":true,"href":"https:\/\/hier-luebeck.de\/index.php\/wp-json\/wp\/v2\/users\/3"}],"replies":[{"embeddable":true,"href":"https:\/\/hier-luebeck.de\/index.php\/wp-json\/wp\/v2\/comments?post=23991"}],"version-history":[{"count":0,"href":"https:\/\/hier-luebeck.de\/index.php\/wp-json\/wp\/v2\/posts\/23991\/revisions"}],"wp:attachment":[{"href":"https:\/\/hier-luebeck.de\/index.php\/wp-json\/wp\/v2\/media?parent=23991"}],"wp:term":[{"taxonomy":"category","embeddable":true,"href":"https:\/\/hier-luebeck.de\/index.php\/wp-json\/wp\/v2\/categories?post=23991"},{"taxonomy":"post_tag","embeddable":true,"href":"https:\/\/hier-luebeck.de\/index.php\/wp-json\/wp\/v2\/tags?post=23991"}],"curies":[{"name":"wp","href":"https:\/\/api.w.org\/{rel}","templated":true}]}}