{"id":23993,"date":"2010-11-05T15:43:41","date_gmt":"2010-11-05T14:43:41","guid":{"rendered":"http:\/\/www.hier-luebeck.de\/?p=23993"},"modified":"2010-11-05T15:43:41","modified_gmt":"2010-11-05T14:43:41","slug":"pol-hl-hl-st-jurgen-st-jurgen-ring-auffahrunfall-pkw-schiebt-drei-autos-zusammen","status":"publish","type":"post","link":"https:\/\/hier-luebeck.de\/index.php\/pol-hl-hl-st-jurgen-st-jurgen-ring-auffahrunfall-pkw-schiebt-drei-autos-zusammen\/","title":{"rendered":"POL-HL: HL &#8211; St. J\u00fcrgen, St. J\u00fcrgen-Ring \/ Auffahrunfall &#8211; Pkw schiebt drei Autos zusammen"},"content":{"rendered":"<p><a rel=\"attachment wp-att-10985\" href=\"http:\/\/www.hier-luebeck.de\/2010\/02\/pol-hl-hl-st-jurgen-rotloscherstrase-polizei-nimmt-einbrecher-fest\/funkstreifers-13\/\"><img loading=\"lazy\" decoding=\"async\" class=\"alignleft size-full wp-image-10985\" title=\"FunkstreifeRS\" src=\"http:\/\/www.hier-luebeck.de\/wp-content\/uploads\/2010\/02\/FunkstreifeRS6.JPG\" alt=\"\" width=\"220\" height=\"165\" \/><\/a>L\u00fcbeck (ots) &#8211; Am Freitagmittag, gegen 12.40 Uhr, kam es auf dem St. J\u00fcrgen-Ring zu einem Auffahrunfall mit vier beteiligten Fahrzeugen. Ein 59-j\u00e4hriger L\u00fcbecker fuhr mit einem Mercedes Benz auf dem linken von zwei in eine Richtung f\u00fchrenden Fahrstreifen in Richtung Berliner Platz. In H\u00f6he der Grundst\u00fccke 41 &#8211; 45 \u00fcbersah er aus ungekl\u00e4rter Ursache die vor ihm verkehrsbedingt wartenden Fahrzeuge.<!--more--> Sein PKW prallte in das Heck eines Mazda MX 5, die 39-j\u00e4hrige Fahrerin wurde verletzt und musste mit Prellungen in die Uniklinik L\u00fcbeck gefahren werden. Der Mazda wurde durch den heftigen Aufprall in das Heck des vor ihm stehenden Opel Zafira einer 35-j\u00e4hrigen Fahrerin aus L\u00fcbeck gedr\u00fcckt. Der Zafira rutschte anschlie\u00dfend noch in das Heck eines VW Golf eines 28-j\u00e4hrigen L\u00fcbeckers. Am Mercedes und am Mazda entstanden wirtschaftliche Totalsch\u00e4den in H\u00f6he von 15.000.- Euro, die beiden Fahrzeuge mussten abgeschleppt werden. An den anderen beiden PKW entstand ein Schaden von insgesamt 4.000.- Euro. F\u00fcr die halbst\u00fcndige Dauer der Rettungs- und Aufr\u00e4umarbeiten wurde der Verkehr einspurig an der Unfallstelle vorbeigeleitet, es kam dadurch zu Behinderungen. Die Ermittlungen zur Unfallursache f\u00fchrt das 4. Polizeirevier L\u00fcbeck.<\/p>\n","protected":false},"excerpt":{"rendered":"<p>L\u00fcbeck (ots) &#8211; Am Freitagmittag, gegen 12.40 Uhr, kam es auf dem St. J\u00fcrgen-Ring zu einem Auffahrunfall mit vier beteiligten<\/p>\n","protected":false},"author":3,"featured_media":0,"comment_status":"open","ping_status":"open","sticky":false,"template":"","format":"standard","meta":{"colormag_page_container_layout":"default_layout","colormag_page_sidebar_layout":"default_layout","footnotes":""},"categories":[20],"tags":[],"class_list":["post-23993","post","type-post","status-publish","format-standard","hentry","category-besondere-neuigkeiten"],"_links":{"self":[{"href":"https:\/\/hier-luebeck.de\/index.php\/wp-json\/wp\/v2\/posts\/23993","targetHints":{"allow":["GET"]}}],"collection":[{"href":"https:\/\/hier-luebeck.de\/index.php\/wp-json\/wp\/v2\/posts"}],"about":[{"href":"https:\/\/hier-luebeck.de\/index.php\/wp-json\/wp\/v2\/types\/post"}],"author":[{"embeddable":true,"href":"https:\/\/hier-luebeck.de\/index.php\/wp-json\/wp\/v2\/users\/3"}],"replies":[{"embeddable":true,"href":"https:\/\/hier-luebeck.de\/index.php\/wp-json\/wp\/v2\/comments?post=23993"}],"version-history":[{"count":0,"href":"https:\/\/hier-luebeck.de\/index.php\/wp-json\/wp\/v2\/posts\/23993\/revisions"}],"wp:attachment":[{"href":"https:\/\/hier-luebeck.de\/index.php\/wp-json\/wp\/v2\/media?parent=23993"}],"wp:term":[{"taxonomy":"category","embeddable":true,"href":"https:\/\/hier-luebeck.de\/index.php\/wp-json\/wp\/v2\/categories?post=23993"},{"taxonomy":"post_tag","embeddable":true,"href":"https:\/\/hier-luebeck.de\/index.php\/wp-json\/wp\/v2\/tags?post=23993"}],"curies":[{"name":"wp","href":"https:\/\/api.w.org\/{rel}","templated":true}]}}