{"id":24178,"date":"2010-11-09T18:09:40","date_gmt":"2010-11-09T17:09:40","guid":{"rendered":"http:\/\/www.hier-luebeck.de\/?p=24178"},"modified":"2010-11-09T18:09:40","modified_gmt":"2010-11-09T17:09:40","slug":"kranzniederlegungen-der-stadtspitze-am-volkstrauertag","status":"publish","type":"post","link":"https:\/\/hier-luebeck.de\/index.php\/kranzniederlegungen-der-stadtspitze-am-volkstrauertag\/","title":{"rendered":"Kranzniederlegungen der Stadtspitze am Volkstrauertag"},"content":{"rendered":"<p>Stadtpr\u00e4sident, B\u00fcrgermeister, Senatoren und B\u00fcrgerschaftsmitglieder sind vor Ort<\/p>\n<p>Nachstehende Veranstaltungen mit Beteiligung der Stadtspitze finden am diesj\u00e4hrigen Volkstrauertag, am Sonntag, 14. November 2010, statt:<!--more--><\/p>\n<p>Mahnmal am Zeughaus, 9 Uhr: Kranzniederlegung (keine Gedenkfeier), Veranstalter: Hansestadt L\u00fcbeck, Vertreter der Hansestadt L\u00fcbeck: B\u00fcrgermeister Bernd Saxe.<\/p>\n<p>Ehrenfriedhof, 9.30 Uhr: Kranzniederlegung (keine Gedenkfeier), Veranstalter: Volksbund Deutsche Kriegsgr\u00e4berf\u00fcrsorge e. V., Kreisverband L\u00fcbeck und Hansestadt L\u00fcbeck, Vertreter der Hansestadt L\u00fcbeck: Stadtpr\u00e4sidentin Gabriele Schopenhauer. Zus\u00e4tzlich nimmt teil: Jutta Scheicht, stellvertretende Kreisvorsitzende der CDU.<\/p>\n<p>Vorwerker Friedhof, 11 Uhr: Kranzniederlegung (keine Gedenkfeier), Veranstalter: DGB und SPD Kreisverband L\u00fcbeck, Vertreter der Hansestadt L\u00fcbeck: B\u00fcrgermeister Bernd Saxe. Zus\u00e4tzlich nimmt teil: MdB\u00fc Ulrich Pluschkell.<\/p>\n<p>B\u00fcrgerschaftssaal, 11.30 Uhr: Gedenkfeier. Veranstalter: Volksbund Deutsche Kriegsgr\u00e4berf\u00fcrsorge e.V., Kreisverband L\u00fcbeck und Hansestadt L\u00fcbeck. Die Gedenkrede h\u00e4lt Oberst Axel Schmidt, Kommandeur Landeskommando Schleswig-Holstein, Vertreter der Hansestadt L\u00fcbeck: Senatorin Annette Borns, erste stellvertretende B\u00fcrgermeisterin.<\/p>\n<p>Travem\u00fcnde, 11.30 Uhr: Gedenkfeier und Kranzniederlegung am Ehrenmal im Dr.-Zippel-Park, Veranstalter: Volksbund Deutscher Kyffh\u00e4user, Kreisverband L\u00fcbeck, Vertreter der Hansestadt L\u00fcbeck: MdB\u00fc Klaus Petersen. Zus\u00e4tzlich nehmen teil: Wolfgang Hovest\u00e4dt, Vorsitzender SPD-Ortsverein Travem\u00fcnde, Thomas Misch, B\u00fcrger f\u00fcr L\u00fcbeck<\/p>\n<p>Genin, 9.50 Uhr: Gottesdienst in der Geniner Kirche mit anschlie\u00dfenden Kranzniederlegungen an den Mahnmalen 1914 &#8211; 1918 und 1939 \u2013 1945. Veranstalter: Ev.-luth. Kirchengemeinde St. Georg-Genin, Vertreter der Hansestadt L\u00fcbeck: Lienhard B\u00f6hning, erster stellvertretender Stadtpr\u00e4sident, MdB\u00fc Lars Rottloff, MdB\u00fc Wolfgang Stolz. Zus\u00e4tzlich nimmt teil: Paul-Gerhard R\u00f6ttger, CDU-Kreisverband<\/p>\n<p>Krummesse, 10 Uhr: Gedenkgottesdienst in der St. Johannis-Kirche mit anschlie\u00dfender Kranzniederlegung am Ehrenmal. Veranstalter: Kirchengemeinde Krummesse\/Lauenburg, Vertreter der Hansestadt L\u00fcbeck: MdB\u00fc Anette R\u00f6ttger, MdB\u00fc Astrid Stadthaus-Panissi\u00e9,<\/p>\n<p>Eichholz, 10 Uhr: Gottesdienst in der St.-Christopherus-Kirche( Sch\u00e4ferstra\u00dfe), anschlie\u00dfend Kranzniederlegung am Ehrenmal ( Brandenbaumer Landstra\u00dfe gegen\u00fcber Sch\u00e4ferstra\u00dfe), Veranstalter: Gemeinn\u00fctziger Verein von 1921 e. V. , Vertreter der Hansestadt L\u00fcbeck: MdB\u00fc Christopher L\u00f6tsch. Zus\u00e4tzlich nehmen teil: Michael Koch und Heidi Menorca, (beide CDU-Kreisverband).<\/p>\n<p>Friedhof Waldhusen, 11.30 Uhr: Gedenkfeier und Kranzniederlegung am Ehrenmal, Veranstalter: Gemeinn\u00fctziger Verein K\u00fccknitz e. V., Vertreter der Hansestadt L\u00fcbeck: MdB\u00fc Jochen Mauritz, MdB\u00fc Ulrike Siebdrat. Zus\u00e4tzlich nehmen teil: Oliver Prieur, Vorsitzender CDU-Ortsverband K\u00fccknitz, Timm-Philipp Werkholz, CDU-Ortsverband K\u00fccknitz.<\/p>\n<p>Veranstaltung anl\u00e4sslich des Totensonntages am Sonntag, 21. November 2010:<br \/>\n12 Uhr: \u00d6kumenischer Gottesdienst in der Marienkirche und Kranzniederlegung in der Ged\u00e4chtniskapelle. Veranstalter: Bund der Heimatvertriebenen, Kreisgebiet L\u00fcbeck e. V. Vertreter der Hansestadt L\u00fcbeck: Bruno B\u00f6hm, stellv. Vorsitzender BfL-Fraktion, MdB\u00fc Klaus Puschaddel. Auf Wunsch der Kirchengemeinde: keine Kranzniederlegung durch die G\u00e4ste der Veranstaltung !<\/p>\n","protected":false},"excerpt":{"rendered":"<p>Stadtpr\u00e4sident, B\u00fcrgermeister, Senatoren und B\u00fcrgerschaftsmitglieder sind vor Ort Nachstehende Veranstaltungen mit Beteiligung der Stadtspitze finden am diesj\u00e4hrigen Volkstrauertag, am Sonntag,<\/p>\n","protected":false},"author":3,"featured_media":0,"comment_status":"open","ping_status":"open","sticky":false,"template":"","format":"standard","meta":{"colormag_page_container_layout":"default_layout","colormag_page_sidebar_layout":"default_layout","footnotes":""},"categories":[20],"tags":[],"class_list":["post-24178","post","type-post","status-publish","format-standard","hentry","category-besondere-neuigkeiten"],"_links":{"self":[{"href":"https:\/\/hier-luebeck.de\/index.php\/wp-json\/wp\/v2\/posts\/24178","targetHints":{"allow":["GET"]}}],"collection":[{"href":"https:\/\/hier-luebeck.de\/index.php\/wp-json\/wp\/v2\/posts"}],"about":[{"href":"https:\/\/hier-luebeck.de\/index.php\/wp-json\/wp\/v2\/types\/post"}],"author":[{"embeddable":true,"href":"https:\/\/hier-luebeck.de\/index.php\/wp-json\/wp\/v2\/users\/3"}],"replies":[{"embeddable":true,"href":"https:\/\/hier-luebeck.de\/index.php\/wp-json\/wp\/v2\/comments?post=24178"}],"version-history":[{"count":0,"href":"https:\/\/hier-luebeck.de\/index.php\/wp-json\/wp\/v2\/posts\/24178\/revisions"}],"wp:attachment":[{"href":"https:\/\/hier-luebeck.de\/index.php\/wp-json\/wp\/v2\/media?parent=24178"}],"wp:term":[{"taxonomy":"category","embeddable":true,"href":"https:\/\/hier-luebeck.de\/index.php\/wp-json\/wp\/v2\/categories?post=24178"},{"taxonomy":"post_tag","embeddable":true,"href":"https:\/\/hier-luebeck.de\/index.php\/wp-json\/wp\/v2\/tags?post=24178"}],"curies":[{"name":"wp","href":"https:\/\/api.w.org\/{rel}","templated":true}]}}