{"id":24188,"date":"2010-11-09T18:18:57","date_gmt":"2010-11-09T17:18:57","guid":{"rendered":"http:\/\/www.hier-luebeck.de\/?p=24188"},"modified":"2010-11-09T18:18:57","modified_gmt":"2010-11-09T17:18:57","slug":"lka-sh-folgemeldung-rauschgifthandler-in-untersuchungshaft","status":"publish","type":"post","link":"https:\/\/hier-luebeck.de\/index.php\/lka-sh-folgemeldung-rauschgifthandler-in-untersuchungshaft\/","title":{"rendered":"LKA-SH: Folgemeldung: Rauschgifth\u00e4ndler in Untersuchungshaft"},"content":{"rendered":"<p><a rel=\"attachment wp-att-11013\" href=\"http:\/\/www.hier-luebeck.de\/2010\/02\/lka-sh-pressemitteilung-des-landeskriminalamtes-schleswig-holstein-staatsanwaltschaft-kiel-rauschgifthandler-festgenommen-2-kilogramm-heroin-sichergestellt\/polizeistern-10\/\"><img loading=\"lazy\" decoding=\"async\" class=\"alignleft size-full wp-image-11013\" title=\"Polizeistern\" src=\"http:\/\/www.hier-luebeck.de\/wp-content\/uploads\/2010\/02\/Polizeistern.jpg\" alt=\"\" width=\"220\" height=\"206\" \/><\/a>Kiel (ots) &#8211; Auf Antrag der Staatsanwaltschaft Kiel fand heute die Vorf\u00fchrung der zwei festgenommenen 27 und 37 j\u00e4hrigen M\u00e4nner vor dem Amtsgericht Kiel statt. Der Haftrichter odnete die Untersuchungshaft f\u00fcr die beiden Vorgef\u00fchrten an.<\/p>\n","protected":false},"excerpt":{"rendered":"<p>Kiel (ots) &#8211; Auf Antrag der Staatsanwaltschaft Kiel fand heute die Vorf\u00fchrung der zwei festgenommenen 27 und 37 j\u00e4hrigen M\u00e4nner<\/p>\n","protected":false},"author":3,"featured_media":0,"comment_status":"open","ping_status":"open","sticky":false,"template":"","format":"standard","meta":{"colormag_page_container_layout":"default_layout","colormag_page_sidebar_layout":"default_layout","footnotes":""},"categories":[20],"tags":[],"class_list":["post-24188","post","type-post","status-publish","format-standard","hentry","category-besondere-neuigkeiten"],"_links":{"self":[{"href":"https:\/\/hier-luebeck.de\/index.php\/wp-json\/wp\/v2\/posts\/24188","targetHints":{"allow":["GET"]}}],"collection":[{"href":"https:\/\/hier-luebeck.de\/index.php\/wp-json\/wp\/v2\/posts"}],"about":[{"href":"https:\/\/hier-luebeck.de\/index.php\/wp-json\/wp\/v2\/types\/post"}],"author":[{"embeddable":true,"href":"https:\/\/hier-luebeck.de\/index.php\/wp-json\/wp\/v2\/users\/3"}],"replies":[{"embeddable":true,"href":"https:\/\/hier-luebeck.de\/index.php\/wp-json\/wp\/v2\/comments?post=24188"}],"version-history":[{"count":0,"href":"https:\/\/hier-luebeck.de\/index.php\/wp-json\/wp\/v2\/posts\/24188\/revisions"}],"wp:attachment":[{"href":"https:\/\/hier-luebeck.de\/index.php\/wp-json\/wp\/v2\/media?parent=24188"}],"wp:term":[{"taxonomy":"category","embeddable":true,"href":"https:\/\/hier-luebeck.de\/index.php\/wp-json\/wp\/v2\/categories?post=24188"},{"taxonomy":"post_tag","embeddable":true,"href":"https:\/\/hier-luebeck.de\/index.php\/wp-json\/wp\/v2\/tags?post=24188"}],"curies":[{"name":"wp","href":"https:\/\/api.w.org\/{rel}","templated":true}]}}