{"id":24271,"date":"2010-11-10T13:15:24","date_gmt":"2010-11-10T12:15:24","guid":{"rendered":"http:\/\/www.hier-luebeck.de\/?p=24271"},"modified":"2010-11-10T13:15:24","modified_gmt":"2010-11-10T12:15:24","slug":"staatssekretar-heinz-maurus-in-berlin-offentliches-bewusstsein-fur-minderheitensprachen-weiter-starken","status":"publish","type":"post","link":"https:\/\/hier-luebeck.de\/index.php\/staatssekretar-heinz-maurus-in-berlin-offentliches-bewusstsein-fur-minderheitensprachen-weiter-starken\/","title":{"rendered":"Staatssekret\u00e4r Heinz Maurus in Berlin: \u00d6ffentliches Bewusstsein f\u00fcr Minderheitensprachen weiter st\u00e4rken"},"content":{"rendered":"<p>Das \u00f6ffentliche Bewusstsein f\u00fcr die Regional- und Minderheitensprachen sollte nach Auffassung von Heinz Maurus, Staatssekret\u00e4r f\u00fcr Europa und Bundesangelegenheiten, weiter gest\u00e4rkt werden. &#8222;&#8220;Die Regional- und Minderheitensprachen sind f\u00fcr die Gesellschaft eine wertvolle Bereicherung. Daf\u00fcr wirbt die Landesregierung Schleswig-Holstein und sie ist deshalb gern Gastgeber f\u00fcr diese Konferenz&#8220;&#8220;, sagte Maurus heute (10. November) auf der Tagung &#8222;Mit den Regional- und Minderheitensprachen auf dem Weg nach Europa&#8220; in der Vertretung des Landes Schleswig-Holstein beim Bund in Berlin.<!--more--><\/p>\n<p>Regional- und Minderheitensprachen seien besonderer Ausdruck von regionaler Verbundenheit und sprachlicher Vielfalt, sagte der Staatssekret\u00e4r weiter. &#8222;&#8220;In Schleswig-Holstein werden diese Sprachen von vielen Menschen gelebt, in Schulen und Vereinen, in Theatern und im t\u00e4glichen Umfeld. Sie sind bunt, sie sind modern und sie sind lebendig.&#8220;&#8220; Die Landesregierung berichte dem Landtag regelm\u00e4\u00dfig \u00fcber die Umsetzung der Sprachencharta und lege einen umfangreichen Minderheitenbericht vor. Auch dies trage dazu bei, den Stellenwert der Minderheiten- und Regionalsprachen deutlich zu machen.<\/p>\n<p>Zu der Tagung &#8222;Mit den Regional- und Minderheitensprachen auf dem Weg nach Europa \u2013 Mehrsprachigkeit, Sprachwandel und Sprachenschutz als Herausforderungen f\u00fcr die Bildungssysteme&#8220; hatte der Bundesraat f\u00f6r Nedderd\u00fc\u00fctsch eingeladen. Die Konferenz geht zur\u00fcck auf einen Beschluss des Deutschen Bundestages. &#8222;&#8220;Das zeigt, dass sich alle Ebenen der politischen Willensbildung der Bedeutung der Regional- und Minderheitensprachen bewusst sind&#8220;&#8220;, so Maurus.<\/p>\n","protected":false},"excerpt":{"rendered":"<p>Das \u00f6ffentliche Bewusstsein f\u00fcr die Regional- und Minderheitensprachen sollte nach Auffassung von Heinz Maurus, Staatssekret\u00e4r f\u00fcr Europa und Bundesangelegenheiten, weiter<\/p>\n","protected":false},"author":3,"featured_media":0,"comment_status":"open","ping_status":"open","sticky":false,"template":"","format":"standard","meta":{"colormag_page_container_layout":"default_layout","colormag_page_sidebar_layout":"default_layout","footnotes":""},"categories":[20],"tags":[],"class_list":["post-24271","post","type-post","status-publish","format-standard","hentry","category-besondere-neuigkeiten"],"_links":{"self":[{"href":"https:\/\/hier-luebeck.de\/index.php\/wp-json\/wp\/v2\/posts\/24271","targetHints":{"allow":["GET"]}}],"collection":[{"href":"https:\/\/hier-luebeck.de\/index.php\/wp-json\/wp\/v2\/posts"}],"about":[{"href":"https:\/\/hier-luebeck.de\/index.php\/wp-json\/wp\/v2\/types\/post"}],"author":[{"embeddable":true,"href":"https:\/\/hier-luebeck.de\/index.php\/wp-json\/wp\/v2\/users\/3"}],"replies":[{"embeddable":true,"href":"https:\/\/hier-luebeck.de\/index.php\/wp-json\/wp\/v2\/comments?post=24271"}],"version-history":[{"count":0,"href":"https:\/\/hier-luebeck.de\/index.php\/wp-json\/wp\/v2\/posts\/24271\/revisions"}],"wp:attachment":[{"href":"https:\/\/hier-luebeck.de\/index.php\/wp-json\/wp\/v2\/media?parent=24271"}],"wp:term":[{"taxonomy":"category","embeddable":true,"href":"https:\/\/hier-luebeck.de\/index.php\/wp-json\/wp\/v2\/categories?post=24271"},{"taxonomy":"post_tag","embeddable":true,"href":"https:\/\/hier-luebeck.de\/index.php\/wp-json\/wp\/v2\/tags?post=24271"}],"curies":[{"name":"wp","href":"https:\/\/api.w.org\/{rel}","templated":true}]}}