{"id":24285,"date":"2010-11-10T17:42:01","date_gmt":"2010-11-10T16:42:01","guid":{"rendered":"http:\/\/www.hier-luebeck.de\/?p=24285"},"modified":"2010-11-10T17:42:01","modified_gmt":"2010-11-10T16:42:01","slug":"stadtteilbasar-in-st-lorenz-sud","status":"publish","type":"post","link":"https:\/\/hier-luebeck.de\/index.php\/stadtteilbasar-in-st-lorenz-sud\/","title":{"rendered":"Stadtteilbasar in St. Lorenz S\u00fcd"},"content":{"rendered":"<p>40 Verkaufsst\u00e4nde in Holstentor-Gemeinschaftsschule am kommenden Sonnabend<\/p>\n<p>Bereits zum 6. Mal findet am Sonnabend, 13. November 2010, der Stadtteilbasar St. Lorenz S\u00fcd in der Holstentor-Gemeinschaftsschule (HGS) statt. Von 12 bis 17 Uhr sind die Schult\u00fcren f\u00fcr Besucherinnen und Besucher ge\u00f6ffnet. 40 Verkaufsst\u00e4nde halten verschiedene weihnachtliche Angebote bereit.<!--more--><\/p>\n<p>Das vielseitige Angebot &#8211; Kaffee und Kuchen, B\u00f6rek, Pizza, Hot Dogs, Waffeln, Soft Drinks, Musik, Basteln f\u00fcr und mit Kindern, gestrickte und gestickte Handarbeiten, Serviettentechnik, Buchbindearbeiten, Kerzen, Advents- und Baumschmuck und vieles mehr &#8211; verdanken die Veranstalter gerade in diesem Jahr den vielen privaten Initiativen, die ihre Produkte anbieten.<\/p>\n<p>Das Besondere in diesem Jahr sind die vielen Bastelangebote f\u00fcr Kinder: die Sch\u00fclervertretung fertigt Schl\u00fcsselanh\u00e4nger, die Luther-Melanchthon Kirchengemeinde produziert selbst gemachte Geschenke, der Kinder- und Jugendtreff fertigt die beliebten Knusperh\u00e4uschen und Schulklassen bieten Filzen, Weihnachtslichter und eine gro\u00dfe \u201eMit-Mal-Aktion\u201c an.<\/p>\n<p>In der Kaffeestube steht ein von Sch\u00fclerinnen und Sch\u00fclern vorbereitetes gro\u00dfes Kuchenbuffet bereit. F\u00fcr das musikalische Rahmenprogramm sorgen der deutsch-russische Kinderchor \u201eGl\u00f6ckchen\u201c, eine ehemalige Sch\u00fclerin mit Sologesang, der Schulchor und die Mitglieder der Schulband Laura und Lisa mit einem weihnachtlichen Programm. Mit dem Erl\u00f6s des Basars wird die Hausaufgabenhilfe der Schule weiter finanziert. Organisiert wird der Basar von der Schulsozialarbeit der HGS, vom Schulprojekt der Luther-Melanchthon Kirchengemeinde und vom Nachbarschaftsb\u00fcro St. Lorenz-S\u00fcd der Hansestadt L\u00fcbeck. Es besteht eine Parkm\u00f6glichkeit auf dem Schulhof, Einfahrt K\u00f6nigsberger Stra\u00dfe.<\/p>\n<p>Weitere Infos gibt es unter den Rufnummern (0451) 122-8460 oder 479-3836.<\/p>\n","protected":false},"excerpt":{"rendered":"<p>40 Verkaufsst\u00e4nde in Holstentor-Gemeinschaftsschule am kommenden Sonnabend Bereits zum 6. Mal findet am Sonnabend, 13. November 2010, der Stadtteilbasar St.<\/p>\n","protected":false},"author":3,"featured_media":0,"comment_status":"open","ping_status":"open","sticky":false,"template":"","format":"standard","meta":{"colormag_page_container_layout":"default_layout","colormag_page_sidebar_layout":"default_layout","footnotes":""},"categories":[20],"tags":[],"class_list":["post-24285","post","type-post","status-publish","format-standard","hentry","category-besondere-neuigkeiten"],"_links":{"self":[{"href":"https:\/\/hier-luebeck.de\/index.php\/wp-json\/wp\/v2\/posts\/24285","targetHints":{"allow":["GET"]}}],"collection":[{"href":"https:\/\/hier-luebeck.de\/index.php\/wp-json\/wp\/v2\/posts"}],"about":[{"href":"https:\/\/hier-luebeck.de\/index.php\/wp-json\/wp\/v2\/types\/post"}],"author":[{"embeddable":true,"href":"https:\/\/hier-luebeck.de\/index.php\/wp-json\/wp\/v2\/users\/3"}],"replies":[{"embeddable":true,"href":"https:\/\/hier-luebeck.de\/index.php\/wp-json\/wp\/v2\/comments?post=24285"}],"version-history":[{"count":0,"href":"https:\/\/hier-luebeck.de\/index.php\/wp-json\/wp\/v2\/posts\/24285\/revisions"}],"wp:attachment":[{"href":"https:\/\/hier-luebeck.de\/index.php\/wp-json\/wp\/v2\/media?parent=24285"}],"wp:term":[{"taxonomy":"category","embeddable":true,"href":"https:\/\/hier-luebeck.de\/index.php\/wp-json\/wp\/v2\/categories?post=24285"},{"taxonomy":"post_tag","embeddable":true,"href":"https:\/\/hier-luebeck.de\/index.php\/wp-json\/wp\/v2\/tags?post=24285"}],"curies":[{"name":"wp","href":"https:\/\/api.w.org\/{rel}","templated":true}]}}