{"id":24289,"date":"2010-11-10T17:47:04","date_gmt":"2010-11-10T16:47:04","guid":{"rendered":"http:\/\/www.hier-luebeck.de\/?p=24289"},"modified":"2010-11-10T17:47:04","modified_gmt":"2010-11-10T16:47:04","slug":"neue-einwohnerprognose-204-000-einwohner-im-jahr-2025","status":"publish","type":"post","link":"https:\/\/hier-luebeck.de\/index.php\/neue-einwohnerprognose-204-000-einwohner-im-jahr-2025\/","title":{"rendered":"Neue Einwohnerprognose: 204.000 Einwohner im Jahr 2025"},"content":{"rendered":"<p>Trotz j\u00e4hrlicher Wanderungsgewinne weniger Bev\u00f6lkerung \u2013 Geburtenrate zu niedrig<\/p>\n<p>Die Einwohnerzahl wird von derzeit rund 212.300 auf etwa 204.000 im Jahr 2025 zur\u00fcckgehen. Dies ist das Ergebnis einer aktuellen Prognose der L\u00fcbecker Stadtverwaltung, die jetzt von B\u00fcrgermeister Saxe im Rathaus vorgestellt wurde. Denn trotz der j\u00e4hrlichen Wanderungsgewinne wird L\u00fcbeck aufgrund der niedrigen Geburtenzahlen tendenziell weiter an Einwohner verlieren.<!--more--> Der seit 1992 zu beobachtende Bev\u00f6lkerungsschwund wird sich somit auch in Zukunft fortsetzen.<\/p>\n<p>Innerhalb L\u00fcbeck gibt es jedoch Ausnahmen: Im Hochschulstadtteil wohnen bereits rund 4200 Einwohner. Bev\u00f6lkerungsschwund ist hier kein Thema.<\/p>\n<p>Um die Abwanderung in Umlandgemeinden L\u00fcbecks zu stoppen, wird die Hansestadt auch zuk\u00fcnftig Wohnbauland ausweisen, k\u00fcndigte Saxe an. Aber auch durch den Ausbau der Kinderbetreuung und einem umfangreicherem Ganztagsschulangebot soll der Wohnstandort L\u00fcbeck gerade f\u00fcr j\u00fcngere Familien so attraktiv sein, um hierher zu ziehen.<\/p>\n<p>Neben dem R\u00fcckgang der Einwohnerzahlen sind die Ver\u00e4nderungen im Altersaufbau der Bev\u00f6lkerung von wesentlicher Bedeutung. Bis 2025 wird die Zahl der unter 18-J\u00e4hrigen von heute rund 32.600 auf rund 30.000 abnehmen, die Zahl der Personen im erwerbsf\u00e4higen Alter (hier 18 bis 65 Jahre) wird sich voraussichtlich von rund 131.000 auf rund 125.000 Personen verringern. Die Zahl der \u00fcber 65-J\u00e4hrigen wird eher stagnieren, wobei die Zahl der Hochbetagten (\u00fcber 80 Jahre) von heute rund 13.000 auf rund 15.000 weiter zunehmen wird.<\/p>\n<p>Ein Effekt des demographischen Wandels wird sich aber erst nach 2025 zeigen. Dann werden die geburtenstarken Jahrg\u00e4nge der 60er Jahre (die heute 40- bis 50-J\u00e4hrigen) ins Rentenalter kommen. Die Zahl der Personen im erwerbsf\u00e4higen Alter wird sich dann deutlich verringern.<\/p>\n<p>Weitere Daten und Graphiken zur Bev\u00f6lkerungsprognose sind im Internet unter http:\/\/www.luebeck.de\/stadt_politik\/statistiken\/ abrufbar.<\/p>\n","protected":false},"excerpt":{"rendered":"<p>Trotz j\u00e4hrlicher Wanderungsgewinne weniger Bev\u00f6lkerung \u2013 Geburtenrate zu niedrig Die Einwohnerzahl wird von derzeit rund 212.300 auf etwa 204.000 im<\/p>\n","protected":false},"author":3,"featured_media":0,"comment_status":"open","ping_status":"open","sticky":false,"template":"","format":"standard","meta":{"colormag_page_container_layout":"default_layout","colormag_page_sidebar_layout":"default_layout","footnotes":""},"categories":[20],"tags":[],"class_list":["post-24289","post","type-post","status-publish","format-standard","hentry","category-besondere-neuigkeiten"],"_links":{"self":[{"href":"https:\/\/hier-luebeck.de\/index.php\/wp-json\/wp\/v2\/posts\/24289","targetHints":{"allow":["GET"]}}],"collection":[{"href":"https:\/\/hier-luebeck.de\/index.php\/wp-json\/wp\/v2\/posts"}],"about":[{"href":"https:\/\/hier-luebeck.de\/index.php\/wp-json\/wp\/v2\/types\/post"}],"author":[{"embeddable":true,"href":"https:\/\/hier-luebeck.de\/index.php\/wp-json\/wp\/v2\/users\/3"}],"replies":[{"embeddable":true,"href":"https:\/\/hier-luebeck.de\/index.php\/wp-json\/wp\/v2\/comments?post=24289"}],"version-history":[{"count":0,"href":"https:\/\/hier-luebeck.de\/index.php\/wp-json\/wp\/v2\/posts\/24289\/revisions"}],"wp:attachment":[{"href":"https:\/\/hier-luebeck.de\/index.php\/wp-json\/wp\/v2\/media?parent=24289"}],"wp:term":[{"taxonomy":"category","embeddable":true,"href":"https:\/\/hier-luebeck.de\/index.php\/wp-json\/wp\/v2\/categories?post=24289"},{"taxonomy":"post_tag","embeddable":true,"href":"https:\/\/hier-luebeck.de\/index.php\/wp-json\/wp\/v2\/tags?post=24289"}],"curies":[{"name":"wp","href":"https:\/\/api.w.org\/{rel}","templated":true}]}}