{"id":256005,"date":"2018-04-23T23:37:16","date_gmt":"2018-04-23T23:37:16","guid":{"rendered":"http:\/\/www.hier-luebeck.de\/besondere-neuigkeiten\/fw-hl-loeschzwerge-erste-kinderfeuerwehr-in-luebeckeinladung-der-medien-zur-gruendungsveranstaltung\/"},"modified":"2018-04-23T23:37:16","modified_gmt":"2018-04-23T23:37:16","slug":"fw-hl-loeschzwerge-erste-kinderfeuerwehr-in-luebeckeinladung-der-medien-zur-gruendungsveranstaltung","status":"publish","type":"post","link":"https:\/\/hier-luebeck.de\/index.php\/fw-hl-loeschzwerge-erste-kinderfeuerwehr-in-luebeckeinladung-der-medien-zur-gruendungsveranstaltung\/","title":{"rendered":"FW-HL: &#8222;L\u00f6schzwerge&#8220; erste Kinderfeuerwehr in L\u00fcbeck\nEinladung der Medien zur Gr\u00fcndungsveranstaltung"},"content":{"rendered":"<p>L\u00fcbeck (ots) &#8211;     Am 29.04.2018 wird die Freiwillige Feuerwehr Wulfsdorf\/Vorrade als erste Feuerwehr in L\u00fcbeck eine Kinderabteilung gr\u00fcnden. 12 Kinder im  Alter von 6-10 Jahren sind bereits seit 2 Jahren im Rahmen einer  Privatinitiative t\u00e4tig.<!--more-->     Interessierte Medienvertreter sind herzlich eingeladen, am 29.04.  um 12.00 Uhr an der Au\u00dfenstelle der Paul-Klee Schule, Krog 30, 23560  L\u00fcbeck an der Gr\u00fcndungsveranstaltung teilzunehmen.     \u00dcber eine kurze Zusage per Mail w\u00fcrden wir uns herzlich freuen.     <\/p>\n<p>Quelle: <a href=\"https:\/\/www.presseportal.de\/blaulicht\/pm\/52865\/3924913\" target=\"_blank\">presseportal.de<\/a><\/p>\n","protected":false},"excerpt":{"rendered":"<p>L\u00fcbeck (ots) &#8211; Am 29.04.2018 wird die Freiwillige Feuerwehr Wulfsdorf\/Vorrade als erste Feuerwehr in L\u00fcbeck eine Kinderabteilung gr\u00fcnden. 12 Kinder<\/p>\n","protected":false},"author":3,"featured_media":0,"comment_status":"open","ping_status":"open","sticky":false,"template":"","format":"standard","meta":{"colormag_page_container_layout":"default_layout","colormag_page_sidebar_layout":"default_layout","footnotes":""},"categories":[20],"tags":[],"class_list":["post-256005","post","type-post","status-publish","format-standard","hentry","category-besondere-neuigkeiten"],"_links":{"self":[{"href":"https:\/\/hier-luebeck.de\/index.php\/wp-json\/wp\/v2\/posts\/256005","targetHints":{"allow":["GET"]}}],"collection":[{"href":"https:\/\/hier-luebeck.de\/index.php\/wp-json\/wp\/v2\/posts"}],"about":[{"href":"https:\/\/hier-luebeck.de\/index.php\/wp-json\/wp\/v2\/types\/post"}],"author":[{"embeddable":true,"href":"https:\/\/hier-luebeck.de\/index.php\/wp-json\/wp\/v2\/users\/3"}],"replies":[{"embeddable":true,"href":"https:\/\/hier-luebeck.de\/index.php\/wp-json\/wp\/v2\/comments?post=256005"}],"version-history":[{"count":0,"href":"https:\/\/hier-luebeck.de\/index.php\/wp-json\/wp\/v2\/posts\/256005\/revisions"}],"wp:attachment":[{"href":"https:\/\/hier-luebeck.de\/index.php\/wp-json\/wp\/v2\/media?parent=256005"}],"wp:term":[{"taxonomy":"category","embeddable":true,"href":"https:\/\/hier-luebeck.de\/index.php\/wp-json\/wp\/v2\/categories?post=256005"},{"taxonomy":"post_tag","embeddable":true,"href":"https:\/\/hier-luebeck.de\/index.php\/wp-json\/wp\/v2\/tags?post=256005"}],"curies":[{"name":"wp","href":"https:\/\/api.w.org\/{rel}","templated":true}]}}