{"id":256051,"date":"2018-04-25T08:11:33","date_gmt":"2018-04-25T08:11:33","guid":{"rendered":"http:\/\/www.hier-luebeck.de\/politik-wirtschaft\/fraktion-der-afd-nominiert-dr-heiner-merz-mdl-fuer-das-amt-des-stellvertretenden-praesidenten-des-landtags-von-baden-wuerttemberg\/"},"modified":"2018-04-25T08:11:33","modified_gmt":"2018-04-25T08:11:33","slug":"fraktion-der-afd-nominiert-dr-heiner-merz-mdl-fuer-das-amt-des-stellvertretenden-praesidenten-des-landtags-von-baden-wuerttemberg","status":"publish","type":"post","link":"https:\/\/hier-luebeck.de\/index.php\/fraktion-der-afd-nominiert-dr-heiner-merz-mdl-fuer-das-amt-des-stellvertretenden-praesidenten-des-landtags-von-baden-wuerttemberg\/","title":{"rendered":"Fraktion der AfD nominiert Dr. Heiner Merz MdL f\u00fcr das Amt des stellvertretenden Pr\u00e4sidenten des Landtags von Baden-W\u00fcrttemberg"},"content":{"rendered":"<p>Stuttgart (ots) &#8211; Mit gro\u00dfer Mehrheit hat sich die Fraktion der  AfD im Landtag von Baden-W\u00fcrttemberg am gestrigen Nachmittag  entschieden, mit ihrem Abgeordneten Dr. Heiner Merz MdL einen eigenen Kandidaten f\u00fcr die Neubesetzung des Postens des stellvertretenden  Landtagspr\u00e4sidenten zu nominieren. Dr.<!--more--> Heiner Merz wird heute,  Mittwoch, 25. April 2018, zu Beginn der Landtagsdebatte offiziell  seine Kandidatur f\u00fcr das mit dem R\u00fccktritt von Landtags-Vizepr\u00e4sident Wilfried Klenk (CDU) vakante Amt anmelden.     AfD steht als st\u00e4rkster Oppositionspartei das Amt des  Vizepr\u00e4sidenten zu     &#8222;Nach der Reduzierung von zwei Landtagsvizepr\u00e4sidenten auf einen  zu Ungunsten der AfD zu Beginn der Legislaturperiode und der  Besetzung des Postens der Landtagspr\u00e4sidentin durch eine Vertreterin  der Regierungspartei sollte es eine demokratische  Selbstverst\u00e4ndlichkeit sein, dass die gr\u00f6\u00dfte Oppositionspartei den  Vizepr\u00e4sidenten stellt&#8220;, so Dr. Heiner Merz nach der mehrheitlichen  Wahl durch seine Fraktionskollegen. Nur bei einer erneuten  Aufstockung auf zwei Landtagsvizepr\u00e4sidenten d\u00fcrfe \u00fcberhaupt eine  Option bestehen, dass die CDU als zweite Regierungspartei diesen  Posten f\u00fcr sich beanspruchen k\u00f6nne. &#8222;Parlamentarische Demokratie kann nur dann glaubw\u00fcrdig nach au\u00dfen getragen werden, wenn die Opposition  gleichberechtigt an der politischen Willensbildung in  Baden-W\u00fcrttemberg beteiligt und damit als demokratisches Instrument  \u00f6ffentlich sichtbar wird&#8220;, so Dr. Heiner Merz.     Dr. Heiner Merz MdL     Der am 24. Februar 1963 in Waiblingen geborene  AfD-Landtagsabgeordnete Dr. Heiner Merz war vor seinem Einzug in den  Landtag von Baden-W\u00fcrttemberg als Dozent im Bereich  Betriebswirtschaftslehre t\u00e4tig. Bei der Landtagswahl 2016 erzielte  Dr. Heiner Merz 17,2 Prozent der Stimmen im Wahlkreis 24  (Heidenheim), nachdem er zuvor als AfD-Vertreter im Gemeinderat von  Fellbach sa\u00df. Dr. Heiner Merz MdL ist der europapolitische Sprecher  der AfD-Landtagsfraktion.    Pressekontakt: Klaus-Peter Kaschke, Lic. rer. publ. Pressereferent der AfD-Fraktion im Landtag von Baden-W\u00fcrttemberg Konrad-Adenauer-Stra\u00dfe 3 70173 Stuttgart Telefon: +49 711-2063 5639 Klaus-Peter.Kaschke@afd.landtag-bw.de  Original-Content von: AfD-Fraktion im Landtag von Baden-W\u00fcrttemberg, \u00fcbermittelt durch news aktuell<\/p>\n<p>Quelle: <a href=\"https:\/\/www.presseportal.de\/pm\/127902\/3926165\" target=\"_blank\">presseportal.de<\/a><\/p>\n","protected":false},"excerpt":{"rendered":"<p>Stuttgart (ots) &#8211; Mit gro\u00dfer Mehrheit hat sich die Fraktion der AfD im Landtag von Baden-W\u00fcrttemberg am gestrigen Nachmittag entschieden,<\/p>\n","protected":false},"author":3,"featured_media":0,"comment_status":"open","ping_status":"open","sticky":false,"template":"","format":"standard","meta":{"colormag_page_container_layout":"default_layout","colormag_page_sidebar_layout":"default_layout","footnotes":""},"categories":[5],"tags":[],"class_list":["post-256051","post","type-post","status-publish","format-standard","hentry","category-politik-wirtschaft"],"_links":{"self":[{"href":"https:\/\/hier-luebeck.de\/index.php\/wp-json\/wp\/v2\/posts\/256051","targetHints":{"allow":["GET"]}}],"collection":[{"href":"https:\/\/hier-luebeck.de\/index.php\/wp-json\/wp\/v2\/posts"}],"about":[{"href":"https:\/\/hier-luebeck.de\/index.php\/wp-json\/wp\/v2\/types\/post"}],"author":[{"embeddable":true,"href":"https:\/\/hier-luebeck.de\/index.php\/wp-json\/wp\/v2\/users\/3"}],"replies":[{"embeddable":true,"href":"https:\/\/hier-luebeck.de\/index.php\/wp-json\/wp\/v2\/comments?post=256051"}],"version-history":[{"count":0,"href":"https:\/\/hier-luebeck.de\/index.php\/wp-json\/wp\/v2\/posts\/256051\/revisions"}],"wp:attachment":[{"href":"https:\/\/hier-luebeck.de\/index.php\/wp-json\/wp\/v2\/media?parent=256051"}],"wp:term":[{"taxonomy":"category","embeddable":true,"href":"https:\/\/hier-luebeck.de\/index.php\/wp-json\/wp\/v2\/categories?post=256051"},{"taxonomy":"post_tag","embeddable":true,"href":"https:\/\/hier-luebeck.de\/index.php\/wp-json\/wp\/v2\/tags?post=256051"}],"curies":[{"name":"wp","href":"https:\/\/api.w.org\/{rel}","templated":true}]}}