{"id":256085,"date":"2018-04-25T11:01:02","date_gmt":"2018-04-25T11:01:02","guid":{"rendered":"http:\/\/www.hier-luebeck.de\/besondere-neuigkeiten\/pol-rz-smart-von-bmw-gerammt-eine-person-verstorben\/"},"modified":"2018-04-25T11:01:02","modified_gmt":"2018-04-25T11:01:02","slug":"pol-rz-smart-von-bmw-gerammt-eine-person-verstorben","status":"publish","type":"post","link":"https:\/\/hier-luebeck.de\/index.php\/pol-rz-smart-von-bmw-gerammt-eine-person-verstorben\/","title":{"rendered":"POL-RZ: Smart von BMW gerammt  &#8211;  eine Person verstorben"},"content":{"rendered":"<p>Ratzeburg (ots) &#8211; 24.04.2017 &#8211; BAB 1, Hamberge     Am 24.04.2018, gegen 23.55 Uhr, kam es auf der BAB 1,  Fahrtrichtung S\u00fcden, H\u00f6he Hamberge zu einem schweren Verkehrsunfall,  bei eine Person t\u00f6dlich und eine Person leicht verletzt wurde.     Ein 32-j\u00e4hriger Hamburger befuhr mit einem BMW den mittleren von  drei Fahrstreifen.<!--more--> Bei einer vorgeschriebenen H\u00f6chstgeschwindigkeit  von 120 Km\/h  soll der Hamburger ersten Zeugenaussagen zufolge  gesch\u00e4tzte 200 Km\/h gefahren sein. Auf H\u00f6he Hamberge \u00fcbersah der  32-j\u00e4hrige offensichtlich eine vor ihm auf dem mittleren Fahrstreifen fahrende 30-j\u00e4hrige Hamburgerin mit ihrem Smart. Wie schnell der  Smart fuhr, steht noch nicht fest. Nach bisherigem Ermittlungsstand  fuhr der BMW ungebremst von hinten auf den Smart auf. Der Smart wurde durch den Aufprall ca. 325 m nach vorne katapultiert und kam v\u00f6llig  zerst\u00f6rt an der rechten Au\u00dfenschutzplanke zum Stillstand. Der  ebenfalls erheblich besch\u00e4digte BMW stand bei Eintreffen der  Rettungskr\u00e4fte unmittelbar hinter dem Smart.     Durch den Unfall erlitt die Fahrerin des Smart`s schwerste  Verletzungen, denen sie kurze Zeit sp\u00e4ter im Krankenhaus erlag. Der  Unfallfahrer wurde leicht verletzt und in ein Krankenhaus  eingeliefert.     Ein im Krankenhaus durchgef\u00fchrter Alkoholschnelltest bei dem  32-j\u00e4hrigen ergab einen vorl\u00e4ufigen Wert von 2,2 Promille. Daraufhin  ordneten die Polizeibeamten die Entnahme einer Blutprobe an.     Nach R\u00fccksprache mit der zust\u00e4ndigen Staatsanwaltschaft wurde die  Hinzuziehung eines Gutachters f\u00fcr die Unfallaufnahme angeordnet.     F\u00fcr die Dauer der Rettungsma\u00dfnahmen sowie der Unfallaufnahme  musste die A 1, Fahrtrichtung S\u00fcden voll gesperrt werden. Die  Autobahn wurde gegen 05.10 Uhr wieder vollst\u00e4ndig frei gegeben.     <\/p>\n<p>Quelle: <a href=\"https:\/\/www.presseportal.de\/blaulicht\/pm\/43735\/3926508\" target=\"_blank\">presseportal.de<\/a><\/p>\n","protected":false},"excerpt":{"rendered":"<p>Ratzeburg (ots) &#8211; 24.04.2017 &#8211; BAB 1, Hamberge Am 24.04.2018, gegen 23.55 Uhr, kam es auf der BAB 1, Fahrtrichtung<\/p>\n","protected":false},"author":3,"featured_media":0,"comment_status":"open","ping_status":"open","sticky":false,"template":"","format":"standard","meta":{"colormag_page_container_layout":"default_layout","colormag_page_sidebar_layout":"default_layout","footnotes":""},"categories":[20],"tags":[],"class_list":["post-256085","post","type-post","status-publish","format-standard","hentry","category-besondere-neuigkeiten"],"_links":{"self":[{"href":"https:\/\/hier-luebeck.de\/index.php\/wp-json\/wp\/v2\/posts\/256085","targetHints":{"allow":["GET"]}}],"collection":[{"href":"https:\/\/hier-luebeck.de\/index.php\/wp-json\/wp\/v2\/posts"}],"about":[{"href":"https:\/\/hier-luebeck.de\/index.php\/wp-json\/wp\/v2\/types\/post"}],"author":[{"embeddable":true,"href":"https:\/\/hier-luebeck.de\/index.php\/wp-json\/wp\/v2\/users\/3"}],"replies":[{"embeddable":true,"href":"https:\/\/hier-luebeck.de\/index.php\/wp-json\/wp\/v2\/comments?post=256085"}],"version-history":[{"count":0,"href":"https:\/\/hier-luebeck.de\/index.php\/wp-json\/wp\/v2\/posts\/256085\/revisions"}],"wp:attachment":[{"href":"https:\/\/hier-luebeck.de\/index.php\/wp-json\/wp\/v2\/media?parent=256085"}],"wp:term":[{"taxonomy":"category","embeddable":true,"href":"https:\/\/hier-luebeck.de\/index.php\/wp-json\/wp\/v2\/categories?post=256085"},{"taxonomy":"post_tag","embeddable":true,"href":"https:\/\/hier-luebeck.de\/index.php\/wp-json\/wp\/v2\/tags?post=256085"}],"curies":[{"name":"wp","href":"https:\/\/api.w.org\/{rel}","templated":true}]}}