{"id":259862,"date":"2018-06-22T11:48:47","date_gmt":"2018-06-22T11:48:47","guid":{"rendered":"http:\/\/www.hier-luebeck.de\/besondere-neuigkeiten\/pol-hl-hl-innenstadt-wallfahrt-des-erzbistums-hamburg-verkehrshinweise-sperrung-der-strasse-parade-am-23-06-2018-geaenderte-zufahrten\/"},"modified":"2018-06-22T11:48:47","modified_gmt":"2018-06-22T11:48:47","slug":"pol-hl-hl-innenstadt-wallfahrt-des-erzbistums-hamburg-verkehrshinweise-sperrung-der-strasse-parade-am-23-06-2018-geaenderte-zufahrten","status":"publish","type":"post","link":"https:\/\/hier-luebeck.de\/index.php\/pol-hl-hl-innenstadt-wallfahrt-des-erzbistums-hamburg-verkehrshinweise-sperrung-der-strasse-parade-am-23-06-2018-geaenderte-zufahrten\/","title":{"rendered":"POL-HL: HL-Innenstadt   :\nWallfahrt des Erzbistums Hamburg &#8211; Verkehrshinweise &#8211; Sperrung der Stra\u00dfe Parade am 23.06.2018 &#8211; Ge\u00e4nderte Zufahrten"},"content":{"rendered":"<p>L\u00fcbeck (ots) &#8211; Am kommenden Samstag (23.06.2018) ist die Stra\u00dfe  Parade in der L\u00fcbecker Innenstadt aufgrund einer kirchlichen  Wallfahrt gesperrt. Das angrenzende Marienkrankenhaus ist mit dem PKW in diesem Zeitraum nur \u00fcber die Zufahrten M\u00fchlenstra\u00dfe-  Musterbahn-Domkirchhof und den Zugang Fegefeuer zu erreichen.<!--more--> W\u00e4hrend des Veranstaltungszeitraums kann das Parkhaus am Pferdemarkt \u00fcber die Stra\u00dfen Hartengrube &#8211; An der Obertrave und Marlesgrube angefahren  werden.     <\/p>\n<p>Quelle: <a href=\"https:\/\/www.presseportal.de\/blaulicht\/pm\/43738\/3978016\" target=\"_blank\">presseportal.de<\/a><\/p>\n","protected":false},"excerpt":{"rendered":"<p>L\u00fcbeck (ots) &#8211; Am kommenden Samstag (23.06.2018) ist die Stra\u00dfe Parade in der L\u00fcbecker Innenstadt aufgrund einer kirchlichen Wallfahrt gesperrt.<\/p>\n","protected":false},"author":3,"featured_media":0,"comment_status":"open","ping_status":"open","sticky":false,"template":"","format":"standard","meta":{"colormag_page_container_layout":"default_layout","colormag_page_sidebar_layout":"default_layout","footnotes":""},"categories":[20],"tags":[],"class_list":["post-259862","post","type-post","status-publish","format-standard","hentry","category-besondere-neuigkeiten"],"_links":{"self":[{"href":"https:\/\/hier-luebeck.de\/index.php\/wp-json\/wp\/v2\/posts\/259862","targetHints":{"allow":["GET"]}}],"collection":[{"href":"https:\/\/hier-luebeck.de\/index.php\/wp-json\/wp\/v2\/posts"}],"about":[{"href":"https:\/\/hier-luebeck.de\/index.php\/wp-json\/wp\/v2\/types\/post"}],"author":[{"embeddable":true,"href":"https:\/\/hier-luebeck.de\/index.php\/wp-json\/wp\/v2\/users\/3"}],"replies":[{"embeddable":true,"href":"https:\/\/hier-luebeck.de\/index.php\/wp-json\/wp\/v2\/comments?post=259862"}],"version-history":[{"count":0,"href":"https:\/\/hier-luebeck.de\/index.php\/wp-json\/wp\/v2\/posts\/259862\/revisions"}],"wp:attachment":[{"href":"https:\/\/hier-luebeck.de\/index.php\/wp-json\/wp\/v2\/media?parent=259862"}],"wp:term":[{"taxonomy":"category","embeddable":true,"href":"https:\/\/hier-luebeck.de\/index.php\/wp-json\/wp\/v2\/categories?post=259862"},{"taxonomy":"post_tag","embeddable":true,"href":"https:\/\/hier-luebeck.de\/index.php\/wp-json\/wp\/v2\/tags?post=259862"}],"curies":[{"name":"wp","href":"https:\/\/api.w.org\/{rel}","templated":true}]}}