{"id":259876,"date":"2018-06-22T07:16:17","date_gmt":"2018-06-22T07:16:17","guid":{"rendered":"http:\/\/www.hier-luebeck.de\/besondere-neuigkeiten\/pol-rz-bis-nach-hause-verfolgt-polizei-sucht-zeugen-2\/"},"modified":"2018-06-22T07:16:17","modified_gmt":"2018-06-22T07:16:17","slug":"pol-rz-bis-nach-hause-verfolgt-polizei-sucht-zeugen-2","status":"publish","type":"post","link":"https:\/\/hier-luebeck.de\/index.php\/pol-rz-bis-nach-hause-verfolgt-polizei-sucht-zeugen-2\/","title":{"rendered":"POL-RZ: Bis nach Hause verfolgt &#8211; Polizei sucht Zeugen"},"content":{"rendered":"<p>Ratzeburg (ots) &#8211; Gemeinsame Medien-Information der  Staatsanwaltschaft L\u00fcbeck und der Polizeidirektion Ratzeburg 21. Juni 2018   |  Kreis Stormarn  &#8211;  31.05.2018 &#8211; Glinde Am 31.05.2018, gegen 22.45 Uhr, kam es in der Avenue St. Sebastien in Glinde zu einem  sexuellen \u00dcbergriff zum Nachteil einer 56-j\u00e4hrigen Glinderin.<!--more--> Die  56-j\u00e4hrige war zu Fu\u00df auf dem Weg nach Hause als sich verfolgt  f\u00fchlte. Sie drehte sich um und sah einige Schritte hinter sich einen  Mann. Der Mann folgte Ihr wortlos. Nach kurzer Zeit fasste er Ihr an  die Schulter und ber\u00fchrte sie anschlie\u00dfen unsittlich. Die 56-j\u00e4hrige  lief daraufhin weg. Jedoch folgte ihr erneut, griff sie von hinten am Handgelenk und ber\u00fchrte sie erneut unsittlich. Zeitgleich versuchte  er die Gesch\u00e4digte in Richtung eines Spielplatzes zu ziehen. Die Frau riss sich los lief schnell nach Hause und schloss die T\u00fcr hinter  sich. Auch jetzt folgte Ihr der Mann. Er schlug noch mehrfach mit  beiden H\u00e4nden gegen die T\u00fcr, um dann in unbekannte Richtung  wegzugehen. Der Tatverd\u00e4chtige wurde wie folgt beschrieben:     &#8211; schlank    &#8211; s\u00fcdl\u00e4ndisches Aussehen    &#8211; wei\u00dfes Cap    &#8211; wei\u00dfes Sweatshirt    &#8211; Jeans    &#8211; wei\u00dfe Turnschuhe     Die Polizei sucht nun m\u00f6gliche Zeugen.     Wer hat am 31. Mai, in der Zeit zwischen 22:30 Uhr und 22:45 Uhr,  eine m\u00e4nnliche Person, auf dem die o. g. Beschreibung passt, gesehen, bzw. wer kennt diese Person? Zeugenhinweise bitte an die  Kriminalpolizei in Reinbek unter der Telefonnummer 040 \/ 727 70 7-0.  Hinweise: Nachfragen zu dieser Medieninformation richten Sie bitte an die Pressestelle der Polizeidirektion Ratzeburg     <\/p>\n<p>Quelle: <a href=\"https:\/\/www.presseportal.de\/blaulicht\/pm\/43735\/3977575\" target=\"_blank\">presseportal.de<\/a><\/p>\n","protected":false},"excerpt":{"rendered":"<p>Ratzeburg (ots) &#8211; Gemeinsame Medien-Information der Staatsanwaltschaft L\u00fcbeck und der Polizeidirektion Ratzeburg 21. Juni 2018 | Kreis Stormarn &#8211; 31.05.2018<\/p>\n","protected":false},"author":3,"featured_media":0,"comment_status":"open","ping_status":"open","sticky":false,"template":"","format":"standard","meta":{"colormag_page_container_layout":"default_layout","colormag_page_sidebar_layout":"default_layout","footnotes":""},"categories":[20],"tags":[],"class_list":["post-259876","post","type-post","status-publish","format-standard","hentry","category-besondere-neuigkeiten"],"_links":{"self":[{"href":"https:\/\/hier-luebeck.de\/index.php\/wp-json\/wp\/v2\/posts\/259876","targetHints":{"allow":["GET"]}}],"collection":[{"href":"https:\/\/hier-luebeck.de\/index.php\/wp-json\/wp\/v2\/posts"}],"about":[{"href":"https:\/\/hier-luebeck.de\/index.php\/wp-json\/wp\/v2\/types\/post"}],"author":[{"embeddable":true,"href":"https:\/\/hier-luebeck.de\/index.php\/wp-json\/wp\/v2\/users\/3"}],"replies":[{"embeddable":true,"href":"https:\/\/hier-luebeck.de\/index.php\/wp-json\/wp\/v2\/comments?post=259876"}],"version-history":[{"count":0,"href":"https:\/\/hier-luebeck.de\/index.php\/wp-json\/wp\/v2\/posts\/259876\/revisions"}],"wp:attachment":[{"href":"https:\/\/hier-luebeck.de\/index.php\/wp-json\/wp\/v2\/media?parent=259876"}],"wp:term":[{"taxonomy":"category","embeddable":true,"href":"https:\/\/hier-luebeck.de\/index.php\/wp-json\/wp\/v2\/categories?post=259876"},{"taxonomy":"post_tag","embeddable":true,"href":"https:\/\/hier-luebeck.de\/index.php\/wp-json\/wp\/v2\/tags?post=259876"}],"curies":[{"name":"wp","href":"https:\/\/api.w.org\/{rel}","templated":true}]}}