{"id":259881,"date":"2018-06-22T13:08:26","date_gmt":"2018-06-22T13:08:26","guid":{"rendered":"http:\/\/www.hier-luebeck.de\/politik-wirtschaft\/meuthen-merkels-spalterische-eurorettungspolitik-entpuppt-sich-als-fiskalisches-fiasko-und-taeuschungskonstrukt\/"},"modified":"2018-06-22T13:08:26","modified_gmt":"2018-06-22T13:08:26","slug":"meuthen-merkels-spalterische-eurorettungspolitik-entpuppt-sich-als-fiskalisches-fiasko-und-taeuschungskonstrukt","status":"publish","type":"post","link":"https:\/\/hier-luebeck.de\/index.php\/meuthen-merkels-spalterische-eurorettungspolitik-entpuppt-sich-als-fiskalisches-fiasko-und-taeuschungskonstrukt\/","title":{"rendered":"Meuthen: Merkels spalterische Eurorettungspolitik entpuppt sich als fiskalisches Fiasko und T\u00e4uschungskonstrukt"},"content":{"rendered":"<p>Berlin (ots) &#8211; Zum Schulden-Deal der Euro-Zone und Griechenland  \u00e4u\u00dfert sich der Bundessprecher der Alternative f\u00fcr Deutschland, Prof. Dr. J\u00f6rg Meuthen, wie folgt:     &#8222;Griechenland sitzt nach wie vor auf einem gigantischen  Schuldenberg von rund 180 Prozent der Wirtschaftsleistung.<!--more--> Die  Laufzeitverl\u00e4ngerung um zehn Jahre f\u00fcr die R\u00fcckzahlung von Krediten  ist ein Spiel auf Zeit, das vor allem die Gl\u00e4ubiger trifft, da deren  Kredite entwertet werden, was einer Enteignung gleichkommt. Die  Annahme, dass eines Tages \u00fcberhaupt Schulden aus Athen zur\u00fcckgezahlt  werden, ist naiv und eine Irref\u00fchrung der Steuerzahler. Griechenland  hat es offenbar immer noch nicht geschafft, auf die Beine zu kommen.  Geht die Krise in Italien wieder los, wird Griechenland mitgerissen.     Merkels spalterische Eurorettungspolitik um jeden Preis entpuppt  sich mal wieder als fiskalisches Fiasko und T\u00e4uschungskonstrukt.  Mittlerweile springt sogar der IWF ab. Zur Erinnerung:  Ex-Finanzminister Sch\u00e4uble hatte im Zuge des dritten Hilfspakets f\u00fcr  Griechenland gebetsm\u00fchlenartig eine Beteiligung des IWF  versprochen, nun will man davon aber nichts mehr wissen &#8211; die typische Politik der selektiven Demenz. Der IWF verweigert seine Beteiligung, weil klar  ist, dass noch mehr Geld nach Athen noch mehr verlorenes Geld ist,  das man nicht hinterherschmei\u00dfen sollte. Als AfD haben wir immer auf  diese Missst\u00e4nde hingewiesen.&#8220;    Pressekontakt: pressestelle@afd.de Pressestelle Bundesvorstand Alternative f\u00fcr Deutschland  Schillstra\u00dfe 9 \/ 10785 Berlin  Original-Content von: AfD &#8211; Alternative f\u00fcr Deutschland, \u00fcbermittelt durch news aktuell<\/p>\n<p>Quelle: <a href=\"https:\/\/www.presseportal.de\/pm\/110332\/3978207\" target=\"_blank\">presseportal.de<\/a><\/p>\n","protected":false},"excerpt":{"rendered":"<p>Berlin (ots) &#8211; Zum Schulden-Deal der Euro-Zone und Griechenland \u00e4u\u00dfert sich der Bundessprecher der Alternative f\u00fcr Deutschland, Prof. Dr. J\u00f6rg<\/p>\n","protected":false},"author":3,"featured_media":0,"comment_status":"open","ping_status":"open","sticky":false,"template":"","format":"standard","meta":{"colormag_page_container_layout":"default_layout","colormag_page_sidebar_layout":"default_layout","footnotes":""},"categories":[5],"tags":[],"class_list":["post-259881","post","type-post","status-publish","format-standard","hentry","category-politik-wirtschaft"],"_links":{"self":[{"href":"https:\/\/hier-luebeck.de\/index.php\/wp-json\/wp\/v2\/posts\/259881","targetHints":{"allow":["GET"]}}],"collection":[{"href":"https:\/\/hier-luebeck.de\/index.php\/wp-json\/wp\/v2\/posts"}],"about":[{"href":"https:\/\/hier-luebeck.de\/index.php\/wp-json\/wp\/v2\/types\/post"}],"author":[{"embeddable":true,"href":"https:\/\/hier-luebeck.de\/index.php\/wp-json\/wp\/v2\/users\/3"}],"replies":[{"embeddable":true,"href":"https:\/\/hier-luebeck.de\/index.php\/wp-json\/wp\/v2\/comments?post=259881"}],"version-history":[{"count":0,"href":"https:\/\/hier-luebeck.de\/index.php\/wp-json\/wp\/v2\/posts\/259881\/revisions"}],"wp:attachment":[{"href":"https:\/\/hier-luebeck.de\/index.php\/wp-json\/wp\/v2\/media?parent=259881"}],"wp:term":[{"taxonomy":"category","embeddable":true,"href":"https:\/\/hier-luebeck.de\/index.php\/wp-json\/wp\/v2\/categories?post=259881"},{"taxonomy":"post_tag","embeddable":true,"href":"https:\/\/hier-luebeck.de\/index.php\/wp-json\/wp\/v2\/tags?post=259881"}],"curies":[{"name":"wp","href":"https:\/\/api.w.org\/{rel}","templated":true}]}}