{"id":259882,"date":"2018-06-22T12:30:00","date_gmt":"2018-06-22T12:30:00","guid":{"rendered":"http:\/\/www.hier-luebeck.de\/politik-wirtschaft\/starker-pakt-gegen-starkregen-buerger-und-senat-in-einem-boot\/"},"modified":"2018-06-22T12:30:00","modified_gmt":"2018-06-22T12:30:00","slug":"starker-pakt-gegen-starkregen-buerger-und-senat-in-einem-boot","status":"publish","type":"post","link":"https:\/\/hier-luebeck.de\/index.php\/starker-pakt-gegen-starkregen-buerger-und-senat-in-einem-boot\/","title":{"rendered":"Starker Pakt gegen Starkregen: B\u00fcrger und Senat in einem Boot"},"content":{"rendered":"<p>Bremen (ots) &#8211;      Sperrfrist: 22.06.2018 12:30    Bitte beachten Sie, dass diese Meldung erst nach Ablauf der    Sperrfrist zur Ver\u00f6ffentlichung freigegeben ist.     Bremen entwickelt Auskunfts- und Informationssystem zur  Starkregenvorsorge &#8211; DBU gibt 121.400 Euro     Anerkannte Wissenschaftler sind sich einig: Hitzeperioden,  Extremwetterlagen, Starkregen sind Folgen des Klimawandels.<!--more--> Selbst  quantitative Aussagen sind m\u00f6glich, wenn man der National Academy of  Sciences, der amerikanischen Wissenschaftsakademie in Washington,  glaubt. Mit einem neuen Auskunfts- und Informationssystem zur  Starkregenvorsorge (AIS) will das Land Bremen nun seine im Mai  beschlossenen Klimafolgenanpassungsstrategie umsetzen und B\u00fcrger und  Geb\u00e4udeeigent\u00fcmer direkt in die Planungsprozesse der Senatsverwaltung einbinden. Fachlich und finanziell mit 121.400 Euro f\u00f6rdert die  Deutsche Bundesstiftung Umwelt (DBU) das Projekt, deren  Generalsekret\u00e4r Alexander Bonde heute an Ronny Meyer, Staatsrat beim  Bremer Umweltsenator, das Bewilligungsschreiben \u00fcberreichte. &#8222;Die  Aktivit\u00e4ten im \u00f6ffentlichen und privaten Bereich m\u00fcssen Hand in Hand  gehen. Damit richtet sich das AIS gezielt auf das verantwortliche  Handeln aller Beteiligten vor Ort&#8220;, unterstreicht Bonde dabei.     Notwendige Informationen und Kenntnisse zur Verf\u00fcgung stellen     &#8222;Bremen hat sich schon 2012 auf den Weg gemacht, um sich den  ver\u00e4ndernden klimatischen Bedingungen anzupassen&#8220;, fasst Staatsrat  Meyer zusammen: &#8222;Mit dem nun beginnenden Projekt f\u00fcgen wir einen  zentralen Baustein hinzu, damit sich die Stadt und ihre B\u00fcrger  zuk\u00fcnftig direkt \u00fcber die Lage von starkregen-gef\u00e4hrdeten Bereichen  informieren und Ma\u00dfnahmen ergreifen k\u00f6nnen.&#8220; Voraussetzung f\u00fcr eine  erfolgreiche Vorsorgestrategie sei, dass allen Akteuren die  notwendigen Informationen und Kenntnisse zur Verf\u00fcgung st\u00fcnden. Dies  werde das Auskunfts- und Informationssystem Starkregenvorsorge  leisten, erl\u00e4utert Michael Koch, Referatsleiter im Umweltressort, der f\u00fcr die Stadt Bremen die Zusammenarbeit mit dem st\u00e4dtischen  Abwasserentsorger hanseWasser Bremen und dem Bewilligungsempf\u00e4nger  Dr. Pecher AG (Erkrath, NRW) bei der Entwicklung koordiniert.  Ausgehend von den Erkenntnissen des Projekts KLAS &#8211;  Klimaanpassungsstrategie Starkregen in Bremen &#8211; wurde die Idee f\u00fcr  das Auskunftssystem entwickelt. &#8222;Wesentliche Meilensteine von KLAS  waren bislang das Schaffen der notwendigen Grundlagendaten, das  Einbinden der Starkregenvorsorge in st\u00e4dtische Planungsprozesse und  das pilothafte Umsetzen einer klimaangepassten Bauweise bei gro\u00dfen  Infrastrukturprojekten wie der Grundsanierung der M\u00fcnchener Stra\u00dfe  oder der Erschlie\u00dfungskonzeption im momentan anlaufenden Baugebiet  Gartenstadt Werdersee&#8220;, so Staatsrat Meyer.     Alle Beteiligten effizient und stetig unterst\u00fctzen     Mit dem AIS wird jetzt ein neuartiges Werkzeug entwickelt, das in  die Planungsprozesse der Stadtverwaltung Bremen sowie bei der  Beratung von Grundst\u00fcckseigent\u00fcmern direkt eingebunden werden kann.  Somit kann die Starkregenvorsorge im Risikomanagement, der  wassersensiblen Stadtentwicklung und der St\u00e4rkung der Eigenvorsorge  von Grundst\u00fcckseigent\u00fcmern wirkungsvoll und stetig unterst\u00fctzt  werden. &#8222;Langfristig soll das AIS der Stadt Bremen helfen, die  Starkregenvorsorge in Planungs- und Entscheidungsprozessen zu  institutionalisieren und als gutes Beispiel und Modell f\u00fcr andere  St\u00e4dte und Gemeinden dienen&#8220;, so Meyer.    Pressekontakt: Ansprechpartner Franz-Georg Elpers &#8211; Pressesprecher &#8211; Jana Nitsch   Kontakt DBU An der Bornau 2 49090 Osnabr\u00fcck  Telefon: 0541|9633-521          0171|3812888 Telefax: 0541|9633-198 presse@dbu.de www.dbu.de  Original-Content von: Deutsche Bundesstiftung Umwelt (DBU), \u00fcbermittelt durch news aktuell<\/p>\n<p>Quelle: <a href=\"https:\/\/www.presseportal.de\/pm\/6908\/3977670\" target=\"_blank\">presseportal.de<\/a><\/p>\n","protected":false},"excerpt":{"rendered":"<p>Bremen (ots) &#8211; Sperrfrist: 22.06.2018 12:30 Bitte beachten Sie, dass diese Meldung erst nach Ablauf der Sperrfrist zur Ver\u00f6ffentlichung freigegeben<\/p>\n","protected":false},"author":3,"featured_media":0,"comment_status":"open","ping_status":"open","sticky":false,"template":"","format":"standard","meta":{"colormag_page_container_layout":"default_layout","colormag_page_sidebar_layout":"default_layout","footnotes":""},"categories":[5],"tags":[],"class_list":["post-259882","post","type-post","status-publish","format-standard","hentry","category-politik-wirtschaft"],"_links":{"self":[{"href":"https:\/\/hier-luebeck.de\/index.php\/wp-json\/wp\/v2\/posts\/259882","targetHints":{"allow":["GET"]}}],"collection":[{"href":"https:\/\/hier-luebeck.de\/index.php\/wp-json\/wp\/v2\/posts"}],"about":[{"href":"https:\/\/hier-luebeck.de\/index.php\/wp-json\/wp\/v2\/types\/post"}],"author":[{"embeddable":true,"href":"https:\/\/hier-luebeck.de\/index.php\/wp-json\/wp\/v2\/users\/3"}],"replies":[{"embeddable":true,"href":"https:\/\/hier-luebeck.de\/index.php\/wp-json\/wp\/v2\/comments?post=259882"}],"version-history":[{"count":0,"href":"https:\/\/hier-luebeck.de\/index.php\/wp-json\/wp\/v2\/posts\/259882\/revisions"}],"wp:attachment":[{"href":"https:\/\/hier-luebeck.de\/index.php\/wp-json\/wp\/v2\/media?parent=259882"}],"wp:term":[{"taxonomy":"category","embeddable":true,"href":"https:\/\/hier-luebeck.de\/index.php\/wp-json\/wp\/v2\/categories?post=259882"},{"taxonomy":"post_tag","embeddable":true,"href":"https:\/\/hier-luebeck.de\/index.php\/wp-json\/wp\/v2\/tags?post=259882"}],"curies":[{"name":"wp","href":"https:\/\/api.w.org\/{rel}","templated":true}]}}