{"id":259883,"date":"2018-06-22T12:04:38","date_gmt":"2018-06-22T12:04:38","guid":{"rendered":"http:\/\/www.hier-luebeck.de\/politik-wirtschaft\/beim-rettungsgipfel-sitzt-bayern-nicht-mit-am-tisch\/"},"modified":"2018-06-22T12:04:38","modified_gmt":"2018-06-22T12:04:38","slug":"beim-rettungsgipfel-sitzt-bayern-nicht-mit-am-tisch","status":"publish","type":"post","link":"https:\/\/hier-luebeck.de\/index.php\/beim-rettungsgipfel-sitzt-bayern-nicht-mit-am-tisch\/","title":{"rendered":"Beim Rettungsgipfel sitzt Bayern nicht mit am Tisch"},"content":{"rendered":"<p>M\u00fcnchen (ots) &#8211; Der am Sonntag kurzfristig einberufene  EU-Asyl-Sondergipfel ist tats\u00e4chlich ein Rettungsgipfel, n\u00e4mlich ein  Gipfel zur Rettung der Kanzlerschaft Merkels. In alter  bundesrepublikanischer Tradition wird die Bundesregierung das  Scheckbuch z\u00fccken und versuchen, sich ihre Version einer  &#8222;europ\u00e4ischen L\u00f6sung&#8220; zu erkaufen.<!--more--> Am Erfolg dieser Strategie sind  jedoch erhebliche Zweifel angebracht. Die vom einheimischen  Steuerzahler erwirtschafteten Mittel werden zwar in jedem Fall weg  sein, doch die Vorstellungen, wie &#8222;Europa&#8220; auszusehen hat, driften  innerhalb der EU-Partner weiter auseinander.     Die osteurop\u00e4ischen Visegrad-Staaten boykottieren den Gipfel ganz  und auch Italien hat gedroht, seine Teilnahme abzusagen. Weil n\u00e4mlich das bereits ausformulierte Ergebnis des Gipfels nicht den  Vorstellungen der neuen Regierung in Rom entspricht. Die Aussage aus  Berlin, es handele sich nur um ein &#8222;Missverst\u00e4ndnis&#8220;, ist dabei wenig glaubhaft. Auf der Suche nach einer &#8222;europ\u00e4ischen L\u00f6sung&#8220; ist Merkel  gerade dabei, Europa tief zu spalten.     Aus Sicht der Bayernpartei spricht noch eines gegen diesen Gipfel: Bayern, das aufgrund seiner Lage die Hauptlast der  Zuwanderungs-\/Asylproblematik innerhalb der Bundesrepublik zu  schultern hat, wird nicht mit Tisch sitzen. Daran \u00e4ndern auch die  derzeitigen Rumpelstilzchen-Auftritte der CSU-Granden nichts. Im  Staatsgebilde &#8222;Bundesrepublik&#8220; kann und wird Bayern seine Interessen  niemals angemessen vertreten k\u00f6nnen. Das zu \u00e4ndern, ist und bleibt  Hauptziel der Bayernpartei.    Pressekontakt: Harold Amann, Landespressesprecher  Kontakt: Telefon (Voicebox) und Fax: +49 321 24694313,  presse@bayernpartei.de  Bayernpartei, Landesgesch\u00e4ftsstelle, Baumkirchner Stra\u00dfe 20, 81673  M\u00fcnchen  Original-Content von: Bayernpartei, \u00fcbermittelt durch news aktuell<\/p>\n<p>Quelle: <a href=\"https:\/\/www.presseportal.de\/pm\/127746\/3978050\" target=\"_blank\">presseportal.de<\/a><\/p>\n","protected":false},"excerpt":{"rendered":"<p>M\u00fcnchen (ots) &#8211; Der am Sonntag kurzfristig einberufene EU-Asyl-Sondergipfel ist tats\u00e4chlich ein Rettungsgipfel, n\u00e4mlich ein Gipfel zur Rettung der Kanzlerschaft<\/p>\n","protected":false},"author":3,"featured_media":0,"comment_status":"open","ping_status":"open","sticky":false,"template":"","format":"standard","meta":{"colormag_page_container_layout":"default_layout","colormag_page_sidebar_layout":"default_layout","footnotes":""},"categories":[5],"tags":[],"class_list":["post-259883","post","type-post","status-publish","format-standard","hentry","category-politik-wirtschaft"],"_links":{"self":[{"href":"https:\/\/hier-luebeck.de\/index.php\/wp-json\/wp\/v2\/posts\/259883","targetHints":{"allow":["GET"]}}],"collection":[{"href":"https:\/\/hier-luebeck.de\/index.php\/wp-json\/wp\/v2\/posts"}],"about":[{"href":"https:\/\/hier-luebeck.de\/index.php\/wp-json\/wp\/v2\/types\/post"}],"author":[{"embeddable":true,"href":"https:\/\/hier-luebeck.de\/index.php\/wp-json\/wp\/v2\/users\/3"}],"replies":[{"embeddable":true,"href":"https:\/\/hier-luebeck.de\/index.php\/wp-json\/wp\/v2\/comments?post=259883"}],"version-history":[{"count":0,"href":"https:\/\/hier-luebeck.de\/index.php\/wp-json\/wp\/v2\/posts\/259883\/revisions"}],"wp:attachment":[{"href":"https:\/\/hier-luebeck.de\/index.php\/wp-json\/wp\/v2\/media?parent=259883"}],"wp:term":[{"taxonomy":"category","embeddable":true,"href":"https:\/\/hier-luebeck.de\/index.php\/wp-json\/wp\/v2\/categories?post=259883"},{"taxonomy":"post_tag","embeddable":true,"href":"https:\/\/hier-luebeck.de\/index.php\/wp-json\/wp\/v2\/tags?post=259883"}],"curies":[{"name":"wp","href":"https:\/\/api.w.org\/{rel}","templated":true}]}}