{"id":259884,"date":"2018-06-22T14:42:36","date_gmt":"2018-06-22T14:42:36","guid":{"rendered":"http:\/\/www.hier-luebeck.de\/?p=259884"},"modified":"2018-06-22T14:42:36","modified_gmt":"2018-06-22T14:42:36","slug":"pol-hl-pd-luebeck_oh_bab1-verkehrsunfall-mit-ungewoehnlichem-ausgang-2","status":"publish","type":"post","link":"https:\/\/hier-luebeck.de\/index.php\/pol-hl-pd-luebeck_oh_bab1-verkehrsunfall-mit-ungewoehnlichem-ausgang-2\/","title":{"rendered":"POL-HL: PD L\u00fcbeck_OH_BAB1    \/\n\nVerkehrsunfall mit ungew\u00f6hnlichem Ausgang"},"content":{"rendered":"<p>L\u00fcbeck (ots) &#8211; Am Mittwochabend (20.06.2018) wurde eine Streife  des Polizei- Autobahn- und Bezirksrevieres Scharbeutz (PABR) zu einer Gefahrenstelle an die Anschlussstelle Bad Schwartau entsandt. Dort  sollte gegen 18.10 Uhr ein Pkw seinen Auspuff verloren haben.     Der Pkw, ein Opel Corsa, hatte seine Fahrt in Richtung Fehmarn  fortgesetzt.<!--more-->     Zehn Minuten sp\u00e4ter meldet die Regionalleitstelle S\u00fcd der Polizei, dass ein Pkw-Fahrer \u00fcber den in der Baustelle liegenden Auspuff  gefahren w\u00e4re und leicht besch\u00e4digt auf das Erscheinen der Polizei  warten w\u00fcrde.     Der gesuchte Pkw Opel Corsa wurde an der Anschlussstelle  Neustadt-Pelzerhaken angehalten und kontrolliert. Der Auspuff am  Fahrzeug fehlte. Eine Beschreibung passte auf die Fahrzeugf\u00fchrerin.     Bei der Kontrolle wurde festgestellt, dass die Kennzeichen an dem  Fahrzeug bereits neu ausgegeben wurden und eigentlich zu einem VW  Touran geh\u00f6rten. Der Opel wurde Anfang April 2018 au\u00dfer Betrieb  gesetzt.     F\u00fcr die Fahrerin lag eine unanfechtbare Entziehung der  Fahrerlaubnis der Klassen AM und B vor. Dar\u00fcber hinaus waren auf den  Kennzeichen die Zulassungsplaketten nachgemalt. Zudem war der Wagen  somit nicht ordnungsgem\u00e4\u00df versichert und zugelassen gef\u00fchrt worden.     Die Fahrerin erwartet ein Strafverfahren wegen Fahrens ohne  Fahrerlaubnis, Urkundenf\u00e4lschung und Versto\u00dfes gegen das  Pflichtversicherungsgesetz.     Die Sachbearbeitung dieser Straftat wird auf dem PABR Scharbeutz  gef\u00fchrt.     <\/p>\n<p>Quelle: <a href=\"https:\/\/www.presseportal.de\/blaulicht\/pm\/43738\/3978346\" target=\"_blank\">presseportal.de<\/a><\/p>\n","protected":false},"excerpt":{"rendered":"<p>L\u00fcbeck (ots) &#8211; Am Mittwochabend (20.06.2018) wurde eine Streife des Polizei- Autobahn- und Bezirksrevieres Scharbeutz (PABR) zu einer Gefahrenstelle an<\/p>\n","protected":false},"author":3,"featured_media":0,"comment_status":"open","ping_status":"open","sticky":false,"template":"","format":"standard","meta":{"colormag_page_container_layout":"default_layout","colormag_page_sidebar_layout":"default_layout","footnotes":""},"categories":[20],"tags":[],"class_list":["post-259884","post","type-post","status-publish","format-standard","hentry","category-besondere-neuigkeiten"],"_links":{"self":[{"href":"https:\/\/hier-luebeck.de\/index.php\/wp-json\/wp\/v2\/posts\/259884","targetHints":{"allow":["GET"]}}],"collection":[{"href":"https:\/\/hier-luebeck.de\/index.php\/wp-json\/wp\/v2\/posts"}],"about":[{"href":"https:\/\/hier-luebeck.de\/index.php\/wp-json\/wp\/v2\/types\/post"}],"author":[{"embeddable":true,"href":"https:\/\/hier-luebeck.de\/index.php\/wp-json\/wp\/v2\/users\/3"}],"replies":[{"embeddable":true,"href":"https:\/\/hier-luebeck.de\/index.php\/wp-json\/wp\/v2\/comments?post=259884"}],"version-history":[{"count":0,"href":"https:\/\/hier-luebeck.de\/index.php\/wp-json\/wp\/v2\/posts\/259884\/revisions"}],"wp:attachment":[{"href":"https:\/\/hier-luebeck.de\/index.php\/wp-json\/wp\/v2\/media?parent=259884"}],"wp:term":[{"taxonomy":"category","embeddable":true,"href":"https:\/\/hier-luebeck.de\/index.php\/wp-json\/wp\/v2\/categories?post=259884"},{"taxonomy":"post_tag","embeddable":true,"href":"https:\/\/hier-luebeck.de\/index.php\/wp-json\/wp\/v2\/tags?post=259884"}],"curies":[{"name":"wp","href":"https:\/\/api.w.org\/{rel}","templated":true}]}}