{"id":259886,"date":"2018-06-22T08:21:53","date_gmt":"2018-06-22T08:21:53","guid":{"rendered":"http:\/\/www.hier-luebeck.de\/besondere-neuigkeiten\/pol-hl-oh_gemeinde-bosau-37-jaehrige-claudia-p-zurueckgekehrt-folgemeldung-2\/"},"modified":"2018-06-22T08:21:53","modified_gmt":"2018-06-22T08:21:53","slug":"pol-hl-oh_gemeinde-bosau-37-jaehrige-claudia-p-zurueckgekehrt-folgemeldung-2","status":"publish","type":"post","link":"https:\/\/hier-luebeck.de\/index.php\/pol-hl-oh_gemeinde-bosau-37-jaehrige-claudia-p-zurueckgekehrt-folgemeldung-2\/","title":{"rendered":"POL-HL: OH_Gemeinde Bosau    \/\n\n37-j\u00e4hrige Claudia P. zur\u00fcckgekehrt &#8211; Folgemeldung"},"content":{"rendered":"<p>L\u00fcbeck (ots) &#8211; Seit dem 19. Juni  wurde die 37-j\u00e4hrige Claudia P.  aus der Gemeinde Bosau vermisst.     Frau P. wurde am Abend des 19. Juni (Dienstag) zuletzt gesehen.  Weil die Frau in der folgenden Zeit auf ihrem Handy nicht erreichbar  war, begannen Familienangeh\u00f6rige, sich Sorgen zu machen und  informierten am 21.06. schlie\u00dflich die Polizei.<!--more-->     In der Nacht auf den 22.06. kehrte die Frau in ihre Wohnung  zur\u00fcck. Sie ist wohlauf.     <\/p>\n<p>Quelle: <a href=\"https:\/\/www.presseportal.de\/blaulicht\/pm\/43738\/3977623\" target=\"_blank\">presseportal.de<\/a><\/p>\n","protected":false},"excerpt":{"rendered":"<p>L\u00fcbeck (ots) &#8211; Seit dem 19. Juni wurde die 37-j\u00e4hrige Claudia P. aus der Gemeinde Bosau vermisst. Frau P. wurde<\/p>\n","protected":false},"author":3,"featured_media":0,"comment_status":"open","ping_status":"open","sticky":false,"template":"","format":"standard","meta":{"colormag_page_container_layout":"default_layout","colormag_page_sidebar_layout":"default_layout","footnotes":""},"categories":[20],"tags":[],"class_list":["post-259886","post","type-post","status-publish","format-standard","hentry","category-besondere-neuigkeiten"],"_links":{"self":[{"href":"https:\/\/hier-luebeck.de\/index.php\/wp-json\/wp\/v2\/posts\/259886","targetHints":{"allow":["GET"]}}],"collection":[{"href":"https:\/\/hier-luebeck.de\/index.php\/wp-json\/wp\/v2\/posts"}],"about":[{"href":"https:\/\/hier-luebeck.de\/index.php\/wp-json\/wp\/v2\/types\/post"}],"author":[{"embeddable":true,"href":"https:\/\/hier-luebeck.de\/index.php\/wp-json\/wp\/v2\/users\/3"}],"replies":[{"embeddable":true,"href":"https:\/\/hier-luebeck.de\/index.php\/wp-json\/wp\/v2\/comments?post=259886"}],"version-history":[{"count":0,"href":"https:\/\/hier-luebeck.de\/index.php\/wp-json\/wp\/v2\/posts\/259886\/revisions"}],"wp:attachment":[{"href":"https:\/\/hier-luebeck.de\/index.php\/wp-json\/wp\/v2\/media?parent=259886"}],"wp:term":[{"taxonomy":"category","embeddable":true,"href":"https:\/\/hier-luebeck.de\/index.php\/wp-json\/wp\/v2\/categories?post=259886"},{"taxonomy":"post_tag","embeddable":true,"href":"https:\/\/hier-luebeck.de\/index.php\/wp-json\/wp\/v2\/tags?post=259886"}],"curies":[{"name":"wp","href":"https:\/\/api.w.org\/{rel}","templated":true}]}}