{"id":259919,"date":"2018-06-23T20:47:15","date_gmt":"2018-06-23T20:47:15","guid":{"rendered":"http:\/\/www.hier-luebeck.de\/besondere-neuigkeiten\/pol-hl-hl-innenstadt-wallfahrt-des-erzbistums-hamburg-nach-luebeck\/"},"modified":"2018-06-23T20:47:15","modified_gmt":"2018-06-23T20:47:15","slug":"pol-hl-hl-innenstadt-wallfahrt-des-erzbistums-hamburg-nach-luebeck","status":"publish","type":"post","link":"https:\/\/hier-luebeck.de\/index.php\/pol-hl-hl-innenstadt-wallfahrt-des-erzbistums-hamburg-nach-luebeck\/","title":{"rendered":"POL-HL: HL-Innenstadt   \/\nWallfahrt des Erzbistums Hamburg nach L\u00fcbeck"},"content":{"rendered":"<p>L\u00fcbeck (ots) &#8211; An der Wallfahrt des katholischen Erzbistums  Hamburg nach L\u00fcbeck anl\u00e4sslich des 75. Gedenkjahrs der Hinrichtung  der L\u00fcbecker M\u00e4rtyrer nahmen insgesamt etwa 2500 Gl\u00e4ubige aus  Hamburg, Schleswig-Holstein und Mecklenburg-Vorpommern teil.<!--more-->     Die Veranstaltung mit diversen Programmpunkten zu den L\u00fcbecker  M\u00e4rtyrern und dem Abschlussgottesdienst auf der Freilichtb\u00fchne  verlief aus polizeilicher Sicht ohne besondere Vorkommnisse.     <\/p>\n<p>Quelle: <a href=\"https:\/\/www.presseportal.de\/blaulicht\/pm\/43738\/3978762\" target=\"_blank\">presseportal.de<\/a><\/p>\n","protected":false},"excerpt":{"rendered":"<p>L\u00fcbeck (ots) &#8211; An der Wallfahrt des katholischen Erzbistums Hamburg nach L\u00fcbeck anl\u00e4sslich des 75. Gedenkjahrs der Hinrichtung der L\u00fcbecker<\/p>\n","protected":false},"author":3,"featured_media":0,"comment_status":"open","ping_status":"open","sticky":false,"template":"","format":"standard","meta":{"colormag_page_container_layout":"default_layout","colormag_page_sidebar_layout":"default_layout","footnotes":""},"categories":[20],"tags":[],"class_list":["post-259919","post","type-post","status-publish","format-standard","hentry","category-besondere-neuigkeiten"],"_links":{"self":[{"href":"https:\/\/hier-luebeck.de\/index.php\/wp-json\/wp\/v2\/posts\/259919","targetHints":{"allow":["GET"]}}],"collection":[{"href":"https:\/\/hier-luebeck.de\/index.php\/wp-json\/wp\/v2\/posts"}],"about":[{"href":"https:\/\/hier-luebeck.de\/index.php\/wp-json\/wp\/v2\/types\/post"}],"author":[{"embeddable":true,"href":"https:\/\/hier-luebeck.de\/index.php\/wp-json\/wp\/v2\/users\/3"}],"replies":[{"embeddable":true,"href":"https:\/\/hier-luebeck.de\/index.php\/wp-json\/wp\/v2\/comments?post=259919"}],"version-history":[{"count":0,"href":"https:\/\/hier-luebeck.de\/index.php\/wp-json\/wp\/v2\/posts\/259919\/revisions"}],"wp:attachment":[{"href":"https:\/\/hier-luebeck.de\/index.php\/wp-json\/wp\/v2\/media?parent=259919"}],"wp:term":[{"taxonomy":"category","embeddable":true,"href":"https:\/\/hier-luebeck.de\/index.php\/wp-json\/wp\/v2\/categories?post=259919"},{"taxonomy":"post_tag","embeddable":true,"href":"https:\/\/hier-luebeck.de\/index.php\/wp-json\/wp\/v2\/tags?post=259919"}],"curies":[{"name":"wp","href":"https:\/\/api.w.org\/{rel}","templated":true}]}}