{"id":259920,"date":"2018-06-23T10:49:21","date_gmt":"2018-06-23T10:49:21","guid":{"rendered":"http:\/\/www.hier-luebeck.de\/besondere-neuigkeiten\/pol-hl-70jaehriger-aus-sana-klinik-eutin-vermisst-polizei-bittet-um-mithilfe\/"},"modified":"2018-06-23T10:49:21","modified_gmt":"2018-06-23T10:49:21","slug":"pol-hl-70jaehriger-aus-sana-klinik-eutin-vermisst-polizei-bittet-um-mithilfe","status":"publish","type":"post","link":"https:\/\/hier-luebeck.de\/index.php\/pol-hl-70jaehriger-aus-sana-klinik-eutin-vermisst-polizei-bittet-um-mithilfe\/","title":{"rendered":"POL-HL: 70j\u00e4hriger aus Sana Klinik Eutin vermisst &#8211; Polizei bittet um Mithilfe"},"content":{"rendered":"<p>L\u00fcbeck (ots) &#8211; Seit dem 22.06.2018, gegen 13.00 Uhr, wird der  70j\u00e4hrige Horst Kissler aus der Sana Klinik in 23701 Eutin vermisst.     Herr Kissler ist ca. 190cm gro\u00df und von schlanker Statur. Er  d\u00fcrfte mit einem dunklen Pullover, einem karrierten Hemd, Jeans- oder Jogginghose und Hausschuhen bekleidet sein. Herr Kissler tr\u00e4gt den  rechten Arm in Gips und geht nach vorn \u00fcbergebeugt.<!--more-->     Herr Kissler bedarf dringend \u00e4rztlicher Hilfe.     Die Polizei bittet die Bev\u00f6lkerung um Mithilfe. Hinweise nimmt die Polizei \u00fcber den Notruf 110 oder \u00fcber jede andere Polizeidienststelle entgegen.     Hinweis: Rundfunkdurchsagen dringend erw\u00fcnscht!     <\/p>\n<p>Quelle: <a href=\"https:\/\/www.presseportal.de\/blaulicht\/pm\/43738\/3978635\" target=\"_blank\">presseportal.de<\/a><\/p>\n","protected":false},"excerpt":{"rendered":"<p>L\u00fcbeck (ots) &#8211; Seit dem 22.06.2018, gegen 13.00 Uhr, wird der 70j\u00e4hrige Horst Kissler aus der Sana Klinik in 23701<\/p>\n","protected":false},"author":3,"featured_media":0,"comment_status":"open","ping_status":"open","sticky":false,"template":"","format":"standard","meta":{"colormag_page_container_layout":"default_layout","colormag_page_sidebar_layout":"default_layout","footnotes":""},"categories":[20],"tags":[],"class_list":["post-259920","post","type-post","status-publish","format-standard","hentry","category-besondere-neuigkeiten"],"_links":{"self":[{"href":"https:\/\/hier-luebeck.de\/index.php\/wp-json\/wp\/v2\/posts\/259920","targetHints":{"allow":["GET"]}}],"collection":[{"href":"https:\/\/hier-luebeck.de\/index.php\/wp-json\/wp\/v2\/posts"}],"about":[{"href":"https:\/\/hier-luebeck.de\/index.php\/wp-json\/wp\/v2\/types\/post"}],"author":[{"embeddable":true,"href":"https:\/\/hier-luebeck.de\/index.php\/wp-json\/wp\/v2\/users\/3"}],"replies":[{"embeddable":true,"href":"https:\/\/hier-luebeck.de\/index.php\/wp-json\/wp\/v2\/comments?post=259920"}],"version-history":[{"count":0,"href":"https:\/\/hier-luebeck.de\/index.php\/wp-json\/wp\/v2\/posts\/259920\/revisions"}],"wp:attachment":[{"href":"https:\/\/hier-luebeck.de\/index.php\/wp-json\/wp\/v2\/media?parent=259920"}],"wp:term":[{"taxonomy":"category","embeddable":true,"href":"https:\/\/hier-luebeck.de\/index.php\/wp-json\/wp\/v2\/categories?post=259920"},{"taxonomy":"post_tag","embeddable":true,"href":"https:\/\/hier-luebeck.de\/index.php\/wp-json\/wp\/v2\/tags?post=259920"}],"curies":[{"name":"wp","href":"https:\/\/api.w.org\/{rel}","templated":true}]}}