{"id":259928,"date":"2018-06-23T00:14:10","date_gmt":"2018-06-23T00:14:10","guid":{"rendered":"http:\/\/www.hier-luebeck.de\/politik-wirtschaft\/oesterreichs-bundeskanzler-sebastian-kurz-es-gibt-noch-keine-bilateralen-gespraeche-mit-deutschland\/"},"modified":"2018-06-23T00:14:10","modified_gmt":"2018-06-23T00:14:10","slug":"oesterreichs-bundeskanzler-sebastian-kurz-es-gibt-noch-keine-bilateralen-gespraeche-mit-deutschland","status":"publish","type":"post","link":"https:\/\/hier-luebeck.de\/index.php\/oesterreichs-bundeskanzler-sebastian-kurz-es-gibt-noch-keine-bilateralen-gespraeche-mit-deutschland\/","title":{"rendered":"\u00d6sterreichs Bundeskanzler Sebastian Kurz: Es gibt noch keine bilateralen Gespr\u00e4che mit Deutschland"},"content":{"rendered":"<p>Hamburg (ots) &#8211; Beim ZEIT-Gespr\u00e4ch am Freitag im Wiener  Volkstheater sprach ZEIT-Chefredakteur Giovanni di Lorenzo mit  Sebastian Kurz \u00fcber Angela Merkels Bem\u00fchungen, mit anderen  Europ\u00e4ischen L\u00e4ndern Vereinbarungen \u00fcber die R\u00fccknahme von  Fl\u00fcchtlingen zu schlie\u00dfen.<!--more--> &#8222;Ich wei\u00df nicht, wie ein bilateraler  Vertrag zwischen Deutschland und \u00d6sterreich aussehen k\u00f6nnte&#8220;, sagte  der \u00f6sterreichische Bundeskanzler. Auf die Nachfrage, ob die deutsche Seite, vor allem in Hinblick auf den Zeitdruck, auf ihn zugekommen  sei, verneinte Sebastian Kurz: &#8222;Es gab noch keine Verhandlungen \u00fcber  bilaterale Vertr\u00e4ge.&#8220;     &#8222;Wir haben nicht die M\u00f6glichkeit den Konflikt, den es gerade in  Deutschland gibt, in der europ\u00e4ischen Union zu l\u00f6sen. Das ist eine  innerdeutsche Entscheidung, die da getroffen werden muss&#8220;, so Kurz.  Zwar sei \u00d6sterreich f\u00fcr die Vorbereitung des morgigen EU-Gipfels in  gutem Kontakt zu Deutschland, er habe aber f\u00fcr Sonntag keine Hoffnung auf ein gro\u00dfes Ergebnis.     Auf die Frage, welches Land dazu bereit w\u00e4re, ein Auffangzentrum  f\u00fcr Fl\u00fcchtlinge einzurichten, sagte Kurz: &#8222;Es ist eine Frage des  Preises. Wenn wir glauben, dass die L\u00e4nder das aus purer  N\u00e4chstenliebe tun werden, dann irren wir. Aber nat\u00fcrlich gibt es  Staaten in Afrika und auch auf unserem Kontinent, die dazu bereit  w\u00e4ren.&#8220;     Bildmaterial zur Veranstaltung senden wir Ihnen auf Anfrage gerne  zu.    Pressekontakt: Kay Stelter Unternehmenskommunikation und Veranstaltungen Telefon: +49 (0)40 3280-145 E-Mail: kay.stelter@zeit.de  Original-Content von: DIE ZEIT, \u00fcbermittelt durch news aktuell<\/p>\n<p>Quelle: <a href=\"https:\/\/www.presseportal.de\/pm\/9377\/3978521\" target=\"_blank\">presseportal.de<\/a><\/p>\n","protected":false},"excerpt":{"rendered":"<p>Hamburg (ots) &#8211; Beim ZEIT-Gespr\u00e4ch am Freitag im Wiener Volkstheater sprach ZEIT-Chefredakteur Giovanni di Lorenzo mit Sebastian Kurz \u00fcber Angela<\/p>\n","protected":false},"author":3,"featured_media":0,"comment_status":"open","ping_status":"open","sticky":false,"template":"","format":"standard","meta":{"colormag_page_container_layout":"default_layout","colormag_page_sidebar_layout":"default_layout","footnotes":""},"categories":[5],"tags":[],"class_list":["post-259928","post","type-post","status-publish","format-standard","hentry","category-politik-wirtschaft"],"_links":{"self":[{"href":"https:\/\/hier-luebeck.de\/index.php\/wp-json\/wp\/v2\/posts\/259928","targetHints":{"allow":["GET"]}}],"collection":[{"href":"https:\/\/hier-luebeck.de\/index.php\/wp-json\/wp\/v2\/posts"}],"about":[{"href":"https:\/\/hier-luebeck.de\/index.php\/wp-json\/wp\/v2\/types\/post"}],"author":[{"embeddable":true,"href":"https:\/\/hier-luebeck.de\/index.php\/wp-json\/wp\/v2\/users\/3"}],"replies":[{"embeddable":true,"href":"https:\/\/hier-luebeck.de\/index.php\/wp-json\/wp\/v2\/comments?post=259928"}],"version-history":[{"count":0,"href":"https:\/\/hier-luebeck.de\/index.php\/wp-json\/wp\/v2\/posts\/259928\/revisions"}],"wp:attachment":[{"href":"https:\/\/hier-luebeck.de\/index.php\/wp-json\/wp\/v2\/media?parent=259928"}],"wp:term":[{"taxonomy":"category","embeddable":true,"href":"https:\/\/hier-luebeck.de\/index.php\/wp-json\/wp\/v2\/categories?post=259928"},{"taxonomy":"post_tag","embeddable":true,"href":"https:\/\/hier-luebeck.de\/index.php\/wp-json\/wp\/v2\/tags?post=259928"}],"curies":[{"name":"wp","href":"https:\/\/api.w.org\/{rel}","templated":true}]}}