{"id":259988,"date":"2018-06-25T13:11:50","date_gmt":"2018-06-25T13:11:50","guid":{"rendered":"http:\/\/www.hier-luebeck.de\/besondere-neuigkeiten\/pol-rz-festnahme-nach-diebstahl-2\/"},"modified":"2018-06-25T13:11:50","modified_gmt":"2018-06-25T13:11:50","slug":"pol-rz-festnahme-nach-diebstahl-2","status":"publish","type":"post","link":"https:\/\/hier-luebeck.de\/index.php\/pol-rz-festnahme-nach-diebstahl-2\/","title":{"rendered":"POL-RZ: Festnahme nach Diebstahl"},"content":{"rendered":"<p>Ratzeburg (ots) &#8211; Gemeinsame Medien-Information der  Staatsanwaltschaft L\u00fcbeck und der Polizeidirektion Ratzeburg 25. Juni 2018   |  Kreis Stormarn  &#8211;  23.06.2018 &#8211; Glinde Am 23.06.2018, gegen 21:40 Uhr, wurde der Polizei durch einen Zeugen ein gegenw\u00e4rtiger  Einbruch in einem Gewerbebetrieb in Glinde gemeldet.<!--more--> Der Zeuge gab  an, dass er gesehen habe, wie ein Mann den Zaun des Betriebes  \u00fcberklettert habe.     Umgehend wurde der Einsatzort von mehreren  Streifenwagenbesatzungen aufgesucht. Da den eingesetzten Beamten die  \u00d6rtlichkeit bekannt war, positionierten sie sich auch an den  m\u00f6glichen Fluchtwegen. Als eine Streifenwagenbesatzung durch das Tor  auf das Gel\u00e4nde ging, versuchte der Tatverd\u00e4chtige im r\u00fcckw\u00e4rtigen  Bereich zu fl\u00fcchten und wurde dort schon von weiteren Polizeibeamten  erwartet. Bei dem Tatverd\u00e4chtigen handelt es sich um einen  24-j\u00e4hrigen Glinder.  Da die Voraussetzungen f\u00fcr die Beantragung  eines Haftbefehls nicht vorlagen, wurde der junge Mann auf Anordnung  der Staatsanwaltschaft nach Durchf\u00fchrung der polizeilichen Ma\u00dfnahmen  entlassen. Das Ermittlungsverfahren wird bei der Kriminalpolizei  Reinbek gef\u00fchrt. Hinweise: Nachfragen zu dieser Medieninformation  richten Sie bitte an die Pressestelle der Polizeidirektion Ratzeburg.     <\/p>\n<p>Quelle: <a href=\"https:\/\/www.presseportal.de\/blaulicht\/pm\/43735\/3980008\" target=\"_blank\">presseportal.de<\/a><\/p>\n","protected":false},"excerpt":{"rendered":"<p>Ratzeburg (ots) &#8211; Gemeinsame Medien-Information der Staatsanwaltschaft L\u00fcbeck und der Polizeidirektion Ratzeburg 25. Juni 2018 | Kreis Stormarn &#8211; 23.06.2018<\/p>\n","protected":false},"author":3,"featured_media":0,"comment_status":"open","ping_status":"open","sticky":false,"template":"","format":"standard","meta":{"colormag_page_container_layout":"default_layout","colormag_page_sidebar_layout":"default_layout","footnotes":""},"categories":[20],"tags":[],"class_list":["post-259988","post","type-post","status-publish","format-standard","hentry","category-besondere-neuigkeiten"],"_links":{"self":[{"href":"https:\/\/hier-luebeck.de\/index.php\/wp-json\/wp\/v2\/posts\/259988","targetHints":{"allow":["GET"]}}],"collection":[{"href":"https:\/\/hier-luebeck.de\/index.php\/wp-json\/wp\/v2\/posts"}],"about":[{"href":"https:\/\/hier-luebeck.de\/index.php\/wp-json\/wp\/v2\/types\/post"}],"author":[{"embeddable":true,"href":"https:\/\/hier-luebeck.de\/index.php\/wp-json\/wp\/v2\/users\/3"}],"replies":[{"embeddable":true,"href":"https:\/\/hier-luebeck.de\/index.php\/wp-json\/wp\/v2\/comments?post=259988"}],"version-history":[{"count":0,"href":"https:\/\/hier-luebeck.de\/index.php\/wp-json\/wp\/v2\/posts\/259988\/revisions"}],"wp:attachment":[{"href":"https:\/\/hier-luebeck.de\/index.php\/wp-json\/wp\/v2\/media?parent=259988"}],"wp:term":[{"taxonomy":"category","embeddable":true,"href":"https:\/\/hier-luebeck.de\/index.php\/wp-json\/wp\/v2\/categories?post=259988"},{"taxonomy":"post_tag","embeddable":true,"href":"https:\/\/hier-luebeck.de\/index.php\/wp-json\/wp\/v2\/tags?post=259988"}],"curies":[{"name":"wp","href":"https:\/\/api.w.org\/{rel}","templated":true}]}}