{"id":262437,"date":"2018-08-03T12:24:04","date_gmt":"2018-08-03T12:24:04","guid":{"rendered":"http:\/\/www.hier-luebeck.de\/besondere-neuigkeiten\/pol-hl-oh-neustadt-in-holstein-europalauf-in-neustadt-am-kommenden-sonntag\/"},"modified":"2018-08-03T12:24:04","modified_gmt":"2018-08-03T12:24:04","slug":"pol-hl-oh-neustadt-in-holstein-europalauf-in-neustadt-am-kommenden-sonntag","status":"publish","type":"post","link":"https:\/\/hier-luebeck.de\/index.php\/pol-hl-oh-neustadt-in-holstein-europalauf-in-neustadt-am-kommenden-sonntag\/","title":{"rendered":"POL-HL: OH-Neustadt in Holstein    \/\nEuropalauf in Neustadt am kommenden Sonntag"},"content":{"rendered":"<p>L\u00fcbeck (ots) &#8211; Am kommenden Sonntag (05.08.) findet in Neustadt\/H. der 33. Europalauf statt. F\u00fcr \u00fcber 400 Sportler gibt es Laufstrecken  zwischen 5 und 21 Kilometern.     Es kann in der Zeit von 08:00 Uhr und 12:00 Uhr im Bereich  Neustadt- Pelzerhaken und Rettin zu Verkehrsbehinderungen durch  Sportler kommen.<!--more-->     Verkehrsteilnehmer werden um erh\u00f6hte Aufmerksamkeit und besondere  R\u00fccksichtnahme gegen\u00fcber den Sportlern gebeten.     <\/p>\n<p>Quelle: <a href=\"https:\/\/www.presseportal.de\/blaulicht\/pm\/43738\/4025663\" target=\"_blank\">presseportal.de<\/a><\/p>\n","protected":false},"excerpt":{"rendered":"<p>L\u00fcbeck (ots) &#8211; Am kommenden Sonntag (05.08.) findet in Neustadt\/H. der 33. Europalauf statt. F\u00fcr \u00fcber 400 Sportler gibt es<\/p>\n","protected":false},"author":3,"featured_media":0,"comment_status":"open","ping_status":"open","sticky":false,"template":"","format":"standard","meta":{"colormag_page_container_layout":"default_layout","colormag_page_sidebar_layout":"default_layout","footnotes":""},"categories":[20],"tags":[],"class_list":["post-262437","post","type-post","status-publish","format-standard","hentry","category-besondere-neuigkeiten"],"_links":{"self":[{"href":"https:\/\/hier-luebeck.de\/index.php\/wp-json\/wp\/v2\/posts\/262437","targetHints":{"allow":["GET"]}}],"collection":[{"href":"https:\/\/hier-luebeck.de\/index.php\/wp-json\/wp\/v2\/posts"}],"about":[{"href":"https:\/\/hier-luebeck.de\/index.php\/wp-json\/wp\/v2\/types\/post"}],"author":[{"embeddable":true,"href":"https:\/\/hier-luebeck.de\/index.php\/wp-json\/wp\/v2\/users\/3"}],"replies":[{"embeddable":true,"href":"https:\/\/hier-luebeck.de\/index.php\/wp-json\/wp\/v2\/comments?post=262437"}],"version-history":[{"count":0,"href":"https:\/\/hier-luebeck.de\/index.php\/wp-json\/wp\/v2\/posts\/262437\/revisions"}],"wp:attachment":[{"href":"https:\/\/hier-luebeck.de\/index.php\/wp-json\/wp\/v2\/media?parent=262437"}],"wp:term":[{"taxonomy":"category","embeddable":true,"href":"https:\/\/hier-luebeck.de\/index.php\/wp-json\/wp\/v2\/categories?post=262437"},{"taxonomy":"post_tag","embeddable":true,"href":"https:\/\/hier-luebeck.de\/index.php\/wp-json\/wp\/v2\/tags?post=262437"}],"curies":[{"name":"wp","href":"https:\/\/api.w.org\/{rel}","templated":true}]}}