{"id":262506,"date":"2018-06-22T12:46:45","date_gmt":"2018-06-22T12:46:45","guid":{"rendered":"http:\/\/www.hier-luebeck.de\/besondere-neuigkeiten\/pol-sh-afb-presseeinladung-feierliche-ernennung-von-40-jungen-polizeibeamten-nach-erfolgreich-bestandener-ausbildung-auf-gut-hasselburg-6\/"},"modified":"2018-06-22T12:46:45","modified_gmt":"2018-06-22T12:46:45","slug":"pol-sh-afb-presseeinladung-feierliche-ernennung-von-40-jungen-polizeibeamten-nach-erfolgreich-bestandener-ausbildung-auf-gut-hasselburg-6","status":"publish","type":"post","link":"https:\/\/hier-luebeck.de\/index.php\/pol-sh-afb-presseeinladung-feierliche-ernennung-von-40-jungen-polizeibeamten-nach-erfolgreich-bestandener-ausbildung-auf-gut-hasselburg-6\/","title":{"rendered":"POL-SH-AFB: Presseeinladung &#8211; Feierliche Ernennung von 40 jungen Polizeibeamten nach erfolgreich bestandener Ausbildung auf Gut Hasselburg"},"content":{"rendered":"<p>Eutin (ots) &#8211; Nach zweieinhalb Jahren Ausbildungszeit werden  voraussichtlich 40 junge Polizeivollzugsbeamtinnen und -beamte  zur  Polizeiobermeisterin bzw. zum Polizeiobermeister ernannt. Der Festakt findet in diesem Jahr erstmalig in der Kulturscheune des Gutes  Hasselburg statt.<!--more--> Die Ernennung wird vorgenommen durch Herrn Michael  Wilksen, Leiter der Eutiner Polizeidirektion f\u00fcr Aus- und Fortbildung und f\u00fcr die Bereitschaftspolizei, und die stellvertretende Leiterin  der Fachinspektion Aus- und Fortbildung, Frau Juliane Bohrer. Die zu  Ernennenden und G\u00e4ste freuen sich auf Gru\u00dfworte durch Herrn  Innenstaatssekret\u00e4r Torsten Geerdts und Frau Dr. Silke Detering,  stellvertretende Leiterin der Polizeiabteilung im Ministerium f\u00fcr  Inneres, l\u00e4ndliche R\u00e4ume und Integration. Ein R\u00fcckblick auf die  Ausbildungszeit und die musikalische Begleitung durch das  Bl\u00e4serquintett des Landespolizeiorchesters Mecklenburg-Vorpommern  erg\u00e4nzen das Programm. Die Veranstaltung beginnt am 29. Juni 2018 um  13.30 Uhr in der Kulturscheune Gut Hasselburg, Allee 4, 23730  Altenkrempe. Einlass ist ab 13.00 Uhr. Die Damen und Herren  Medienvertreter sind zu dieser Veranstaltung herzlich eingeladen.  Eine Anmeldung ist nicht erforderlich.     <\/p>\n<p>Quelle: <a href=\"https:\/\/www.presseportal.de\/blaulicht\/pm\/43685\/3978149\" target=\"_blank\">presseportal.de<\/a><\/p>\n","protected":false},"excerpt":{"rendered":"<p>Eutin (ots) &#8211; Nach zweieinhalb Jahren Ausbildungszeit werden voraussichtlich 40 junge Polizeivollzugsbeamtinnen und -beamte zur Polizeiobermeisterin bzw. zum Polizeiobermeister ernannt.<\/p>\n","protected":false},"author":3,"featured_media":0,"comment_status":"open","ping_status":"open","sticky":false,"template":"","format":"standard","meta":{"colormag_page_container_layout":"default_layout","colormag_page_sidebar_layout":"default_layout","footnotes":""},"categories":[20],"tags":[],"class_list":["post-262506","post","type-post","status-publish","format-standard","hentry","category-besondere-neuigkeiten"],"_links":{"self":[{"href":"https:\/\/hier-luebeck.de\/index.php\/wp-json\/wp\/v2\/posts\/262506","targetHints":{"allow":["GET"]}}],"collection":[{"href":"https:\/\/hier-luebeck.de\/index.php\/wp-json\/wp\/v2\/posts"}],"about":[{"href":"https:\/\/hier-luebeck.de\/index.php\/wp-json\/wp\/v2\/types\/post"}],"author":[{"embeddable":true,"href":"https:\/\/hier-luebeck.de\/index.php\/wp-json\/wp\/v2\/users\/3"}],"replies":[{"embeddable":true,"href":"https:\/\/hier-luebeck.de\/index.php\/wp-json\/wp\/v2\/comments?post=262506"}],"version-history":[{"count":0,"href":"https:\/\/hier-luebeck.de\/index.php\/wp-json\/wp\/v2\/posts\/262506\/revisions"}],"wp:attachment":[{"href":"https:\/\/hier-luebeck.de\/index.php\/wp-json\/wp\/v2\/media?parent=262506"}],"wp:term":[{"taxonomy":"category","embeddable":true,"href":"https:\/\/hier-luebeck.de\/index.php\/wp-json\/wp\/v2\/categories?post=262506"},{"taxonomy":"post_tag","embeddable":true,"href":"https:\/\/hier-luebeck.de\/index.php\/wp-json\/wp\/v2\/tags?post=262506"}],"curies":[{"name":"wp","href":"https:\/\/api.w.org\/{rel}","templated":true}]}}