{"id":262533,"date":"2018-08-04T15:02:00","date_gmt":"2018-08-04T15:02:00","guid":{"rendered":"http:\/\/www.hier-luebeck.de\/besondere-neuigkeiten\/pol-rz-kradfahrer-beim-verkehrsunfall-schwer-verletzt\/"},"modified":"2018-08-04T15:02:00","modified_gmt":"2018-08-04T15:02:00","slug":"pol-rz-kradfahrer-beim-verkehrsunfall-schwer-verletzt","status":"publish","type":"post","link":"https:\/\/hier-luebeck.de\/index.php\/pol-rz-kradfahrer-beim-verkehrsunfall-schwer-verletzt\/","title":{"rendered":"POL-RZ: Kradfahrer beim Verkehrsunfall schwer verletzt"},"content":{"rendered":"<p>Ratzeburg (ots) &#8211; 04.08. 2018   |  Kreis Stormarn  &#8211;  04.08.2018 &#8211; Reinfeld     Am 04. August 2018, gegen 12.45 Uhr, ereignete sich in Reinfeld,  im Kreuzungsbereich der Bundesstra\u00dfe 75 \/ Nordstormarnstra\u00dfe ein  Verkehrsunfall zwischen einem Pkw und einem Krad.<!--more-->     Nach ersten Ermittlungen fuhr eine 55-j\u00e4hrige Hamburgerin mit  ihrem Opel Astra auf der B 75 aus Richtung L\u00fcbeck kommend in den  Kreuzungsbereich ein, und wollte nach links in Richtung  Nordstormarnstra\u00dfe zur Auffahrt der BAB 1 einbiegen. Dabei \u00fcbersah  sie den ihr entgegenkommenden vorrangsberechtigten 58-j\u00e4hrigen  Triumph-Fahrer aus L\u00fcbeck. Es kam zum Zusammensto\u00df beider Fahrzeuge.     Der Kradfahrer wurde mit schweren Verletzungen in ein Krankenhaus  eingeliefert.     Es entstand ein Sachschaden von ca. 20.500,- Euro.     Der Kreuzungsbereich der B75 wurde f\u00fcr die Dauer der  Unfallaufnahme und Bergung der Fahrzeuge ca. 1 Stunde gesperrt.     <\/p>\n<p>Quelle: <a href=\"https:\/\/www.presseportal.de\/blaulicht\/pm\/43735\/4026261\" target=\"_blank\">presseportal.de<\/a><\/p>\n","protected":false},"excerpt":{"rendered":"<p>Ratzeburg (ots) &#8211; 04.08. 2018 | Kreis Stormarn &#8211; 04.08.2018 &#8211; Reinfeld Am 04. August 2018, gegen 12.45 Uhr, ereignete<\/p>\n","protected":false},"author":3,"featured_media":0,"comment_status":"open","ping_status":"open","sticky":false,"template":"","format":"standard","meta":{"colormag_page_container_layout":"default_layout","colormag_page_sidebar_layout":"default_layout","footnotes":""},"categories":[20],"tags":[],"class_list":["post-262533","post","type-post","status-publish","format-standard","hentry","category-besondere-neuigkeiten"],"_links":{"self":[{"href":"https:\/\/hier-luebeck.de\/index.php\/wp-json\/wp\/v2\/posts\/262533","targetHints":{"allow":["GET"]}}],"collection":[{"href":"https:\/\/hier-luebeck.de\/index.php\/wp-json\/wp\/v2\/posts"}],"about":[{"href":"https:\/\/hier-luebeck.de\/index.php\/wp-json\/wp\/v2\/types\/post"}],"author":[{"embeddable":true,"href":"https:\/\/hier-luebeck.de\/index.php\/wp-json\/wp\/v2\/users\/3"}],"replies":[{"embeddable":true,"href":"https:\/\/hier-luebeck.de\/index.php\/wp-json\/wp\/v2\/comments?post=262533"}],"version-history":[{"count":0,"href":"https:\/\/hier-luebeck.de\/index.php\/wp-json\/wp\/v2\/posts\/262533\/revisions"}],"wp:attachment":[{"href":"https:\/\/hier-luebeck.de\/index.php\/wp-json\/wp\/v2\/media?parent=262533"}],"wp:term":[{"taxonomy":"category","embeddable":true,"href":"https:\/\/hier-luebeck.de\/index.php\/wp-json\/wp\/v2\/categories?post=262533"},{"taxonomy":"post_tag","embeddable":true,"href":"https:\/\/hier-luebeck.de\/index.php\/wp-json\/wp\/v2\/tags?post=262533"}],"curies":[{"name":"wp","href":"https:\/\/api.w.org\/{rel}","templated":true}]}}