{"id":262537,"date":"2018-08-04T09:00:12","date_gmt":"2018-08-04T09:00:12","guid":{"rendered":"http:\/\/www.hier-luebeck.de\/politik-wirtschaft\/3s-solar-plus-ag-ist-wieder-eigenstaendig-das-original-schweizer-solardach-megaslate-wird-weiter-in-thun-produziert\/"},"modified":"2018-08-04T09:00:12","modified_gmt":"2018-08-04T09:00:12","slug":"3s-solar-plus-ag-ist-wieder-eigenstaendig-das-original-schweizer-solardach-megaslate-wird-weiter-in-thun-produziert","status":"publish","type":"post","link":"https:\/\/hier-luebeck.de\/index.php\/3s-solar-plus-ag-ist-wieder-eigenstaendig-das-original-schweizer-solardach-megaslate-wird-weiter-in-thun-produziert\/","title":{"rendered":"3S Solar Plus AG ist wieder eigenst\u00e4ndig &#8211; Das Original Schweizer Solardach MegaSlate wird weiter in Thun produziert"},"content":{"rendered":"<p>Thun-Gwatt (ots) &#8211; &#8222;Die aktuelle Hitzewelle f\u00fchrt uns einmal mehr  vor Augen, dass der Klimawandel Realit\u00e4t ist&#8220;, stellt Patrick  Hofer-Noser, Vorsitzender der Gesch\u00e4ftsleitung der 3S Solar Plus AG,  fest. An Produkten, die fossile Energien ersetzen, fehlt es indes  nicht.<!--more--> &#8222;Mit unserem in der Schweiz entwickelten und hergestellten  Solardach- und Fassadensystem MegaSlate kann jedes Dach mit einer  aktiven Dachhaut und fast jede Fassade mit Fassadenelementen  ausger\u00fcstet werden und CO2-freien Strom produzieren.&#8220;     Im Markt etabliert     Das Solardach- und Fassadensystem MegaSlate ist bereits seit  2001 erfolgreich im Markt etabliert. Seit der Fusion der 3S-Gruppe mit  Meyer Burger im Jahr 2010 wurden die Produkte durch Meyer Burger  vertrieben. Nun geht 3S mit 32 Mitarbeitenden und mit dem Focus auf  die Produktion von Solaranlagen wieder eigene Wege. &#8222;MegaSlate  erf\u00fcllt sowohl bez\u00fcglich Produktivit\u00e4t wie auch architektonischer  Gestaltung h\u00f6chste Anforderungen&#8220;, erkl\u00e4rt Patrick Hofer-Noser. &#8222;Die  Massenproduktion von Standardsolarmodulen konzentriert sich in Asien, w\u00e4hrend der Bausektor regional organisiert ist. Und genau da sind wir t\u00e4tig, davon profitieren auch unsere Fachpartner vor Ort.&#8220; 3S Solar  Plus produziert seine Solardach- und Fassadensysteme weiterhin auf  der eigenen Produktionslinie in Thun in der Schweiz.     Ausf\u00fchrliche Pressemeldung http:\/\/ots.ch\/3F7OOI     Historische Bauernhaus mit MegaSlate-Dach http:\/\/ots.ch\/7GRH7o     Moderner Bau mit MegaSlate-H\u00fclle http:\/\/ots.ch\/ugDfCB    Pressekontakt:  Patrick Hofer-Noser, Vorsitzender der Gesch\u00e4ftsleitung der 3S Solar Plus AG Tel:  +41764374041 Mail: Patrick.Hofer-Noser@3s-solarplus.ch  Original-Content von: 3S Solar Plus AG, \u00fcbermittelt durch news aktuell<\/p>\n<p>Quelle: <a href=\"https:\/\/www.presseportal.de\/pm\/131639\/4026143\" target=\"_blank\">presseportal.de<\/a><\/p>\n","protected":false},"excerpt":{"rendered":"<p>Thun-Gwatt (ots) &#8211; &#8222;Die aktuelle Hitzewelle f\u00fchrt uns einmal mehr vor Augen, dass der Klimawandel Realit\u00e4t ist&#8220;, stellt Patrick Hofer-Noser,<\/p>\n","protected":false},"author":3,"featured_media":0,"comment_status":"open","ping_status":"open","sticky":false,"template":"","format":"standard","meta":{"colormag_page_container_layout":"default_layout","colormag_page_sidebar_layout":"default_layout","footnotes":""},"categories":[5],"tags":[],"class_list":["post-262537","post","type-post","status-publish","format-standard","hentry","category-politik-wirtschaft"],"_links":{"self":[{"href":"https:\/\/hier-luebeck.de\/index.php\/wp-json\/wp\/v2\/posts\/262537","targetHints":{"allow":["GET"]}}],"collection":[{"href":"https:\/\/hier-luebeck.de\/index.php\/wp-json\/wp\/v2\/posts"}],"about":[{"href":"https:\/\/hier-luebeck.de\/index.php\/wp-json\/wp\/v2\/types\/post"}],"author":[{"embeddable":true,"href":"https:\/\/hier-luebeck.de\/index.php\/wp-json\/wp\/v2\/users\/3"}],"replies":[{"embeddable":true,"href":"https:\/\/hier-luebeck.de\/index.php\/wp-json\/wp\/v2\/comments?post=262537"}],"version-history":[{"count":0,"href":"https:\/\/hier-luebeck.de\/index.php\/wp-json\/wp\/v2\/posts\/262537\/revisions"}],"wp:attachment":[{"href":"https:\/\/hier-luebeck.de\/index.php\/wp-json\/wp\/v2\/media?parent=262537"}],"wp:term":[{"taxonomy":"category","embeddable":true,"href":"https:\/\/hier-luebeck.de\/index.php\/wp-json\/wp\/v2\/categories?post=262537"},{"taxonomy":"post_tag","embeddable":true,"href":"https:\/\/hier-luebeck.de\/index.php\/wp-json\/wp\/v2\/tags?post=262537"}],"curies":[{"name":"wp","href":"https:\/\/api.w.org\/{rel}","templated":true}]}}