{"id":263338,"date":"2018-08-20T15:15:09","date_gmt":"2018-08-20T15:15:09","guid":{"rendered":"http:\/\/www.hier-luebeck.de\/?p=263338"},"modified":"2018-08-20T15:15:09","modified_gmt":"2018-08-20T15:15:09","slug":"pol-hl-oh-neustadt-holstein-brand-in-gemeinnuetziger-einrichtung-in-neustadt","status":"publish","type":"post","link":"https:\/\/hier-luebeck.de\/index.php\/pol-hl-oh-neustadt-holstein-brand-in-gemeinnuetziger-einrichtung-in-neustadt\/","title":{"rendered":"POL-HL: OH-Neustadt\/ Holstein   :\n\nBrand in gemeinn\u00fctziger Einrichtung in Neustadt"},"content":{"rendered":"<p>L\u00fcbeck (ots) &#8211; Am Samstagabend (18. August 2018) brach in den  R\u00e4umlichkeiten der &#8222;Neust\u00e4dter Tafel&#8220; ein Feuer aus. Personen wurden  nicht verletzt, es entstand jedoch hoher Sachschaden. Die  Kriminalpolizei in Neustadt hat die Ermittlungen zur Brandursache  aufgenommen.     Gegen 22.15 Uhr wurden Polizei und Feuerwehr zu einem Brand im  Sandberger Weg in Neustadt\/ Holstein alarmiert.<!--more--> Vor Ort stellten die  Einsatzkr\u00e4fte einen K\u00fcchenbrand in den R\u00e4umlichkeiten der &#8222;Neust\u00e4dter Tafel&#8220; fest. Die Feuerwehr konnte den Brand l\u00f6schen. Personen wurde  nicht verletzt, es entstand jedoch erheblicher Sachschaden. Die  Gesamtschadensh\u00f6he bel\u00e4uft sich ersten Feststellungen nach auf circa  50.000 Euro. Wann die R\u00e4ume der gemeinn\u00fctzigen Einrichtung wieder in  vollem Umfang genutzt werden k\u00f6nnen, steht noch nicht fest. Nach  Abschluss der L\u00f6scharbeiten wurde der Brandort beschlagnahmt.     Ermittler der Neust\u00e4dter Kriminalpolizei suchten am  Montagvormittag die Brandstelle auf. Nach bisherigem Sachstand gibt  es keine Hinweise auf ein m\u00f6gliches Fremdverschulden oder eine  vors\u00e4tzliche Brandstiftung. Die Ermittlungsergebnisse deuten vielmehr darauf hin, dass der Brand vermutlich aufgrund eines technischen  Defektes im Bereich der K\u00fcche ausgebrochen ist.     <\/p>\n<p>Quelle: <a href=\"https:\/\/www.presseportal.de\/blaulicht\/pm\/43738\/4039387\" target=\"_blank\">presseportal.de<\/a><\/p>\n","protected":false},"excerpt":{"rendered":"<p>L\u00fcbeck (ots) &#8211; Am Samstagabend (18. August 2018) brach in den R\u00e4umlichkeiten der &#8222;Neust\u00e4dter Tafel&#8220; ein Feuer aus. Personen wurden<\/p>\n","protected":false},"author":3,"featured_media":0,"comment_status":"open","ping_status":"open","sticky":false,"template":"","format":"standard","meta":{"colormag_page_container_layout":"default_layout","colormag_page_sidebar_layout":"default_layout","footnotes":""},"categories":[20],"tags":[],"class_list":["post-263338","post","type-post","status-publish","format-standard","hentry","category-besondere-neuigkeiten"],"_links":{"self":[{"href":"https:\/\/hier-luebeck.de\/index.php\/wp-json\/wp\/v2\/posts\/263338","targetHints":{"allow":["GET"]}}],"collection":[{"href":"https:\/\/hier-luebeck.de\/index.php\/wp-json\/wp\/v2\/posts"}],"about":[{"href":"https:\/\/hier-luebeck.de\/index.php\/wp-json\/wp\/v2\/types\/post"}],"author":[{"embeddable":true,"href":"https:\/\/hier-luebeck.de\/index.php\/wp-json\/wp\/v2\/users\/3"}],"replies":[{"embeddable":true,"href":"https:\/\/hier-luebeck.de\/index.php\/wp-json\/wp\/v2\/comments?post=263338"}],"version-history":[{"count":0,"href":"https:\/\/hier-luebeck.de\/index.php\/wp-json\/wp\/v2\/posts\/263338\/revisions"}],"wp:attachment":[{"href":"https:\/\/hier-luebeck.de\/index.php\/wp-json\/wp\/v2\/media?parent=263338"}],"wp:term":[{"taxonomy":"category","embeddable":true,"href":"https:\/\/hier-luebeck.de\/index.php\/wp-json\/wp\/v2\/categories?post=263338"},{"taxonomy":"post_tag","embeddable":true,"href":"https:\/\/hier-luebeck.de\/index.php\/wp-json\/wp\/v2\/tags?post=263338"}],"curies":[{"name":"wp","href":"https:\/\/api.w.org\/{rel}","templated":true}]}}