{"id":263341,"date":"2018-08-20T14:20:32","date_gmt":"2018-08-20T14:20:32","guid":{"rendered":"http:\/\/www.hier-luebeck.de\/?p=263341"},"modified":"2018-08-20T14:20:32","modified_gmt":"2018-08-20T14:20:32","slug":"pol-se-kummerfeld-kreis-pinneberg-zusammenstoss-zwischen-pkw-und-motorrad","status":"publish","type":"post","link":"https:\/\/hier-luebeck.de\/index.php\/pol-se-kummerfeld-kreis-pinneberg-zusammenstoss-zwischen-pkw-und-motorrad\/","title":{"rendered":"POL-SE: Kummerfeld (Kreis Pinneberg) &#8211; Zusammensto\u00df zwischen Pkw und Motorrad"},"content":{"rendered":"<p>Bad Segeberg (ots) &#8211; Am fr\u00fchen Samstagnachmittag (18. August 2018) ist es im Einm\u00fcndungsbereich der Prisdorfer Stra\u00dfe in die  Bundesstra\u00dfe zur Kollision zwischen einem Pkw und einem Motorrad  gekommen, bei dem sich der Motorradfahrer schwere Verletzungen  zugezogen hat.<!--more-->     Nach bisherigen Erkenntnissen beabsichtigte die 23-j\u00e4hrige  BMW-Fahrerin um 13:47 Uhr vom Prisdorfer Weg nach links in die  Bundesstra\u00dfe einzubiegen.     Beim Einbiegen kam es zur Kollision zwischen dem Pkw und dem in  Richtung Pinneberg auf der Bundesstra\u00dfe fahrenden Motorrad.     Die Bundesstra\u00dfe ist in diesem Bereich vorfahrtsberechtigt.     Der 19-j\u00e4hrige Hondafahrer st\u00fcrzte nach dem Zusammensto\u00df und zog  sich schwere Verletzungen in Form von Knochenbr\u00fcchen zu.     Rettungskr\u00e4fte brachten den Pinneberger in ein Hamburger  Krankenhaus. Die Pkw-Fahrerin aus dem Kreis Pinneberg blieb  unverletzt.     Polizeibeamte des Pinneberger Reviers nahmen den Unfall vor Ort  auf.     Polizeidirektion Bad Segeberg &#8211; Pressestelle &#8211; Dorfstr. 16-18 23795 Bad Segeberg  Lars Brockmann Telefon: 04551-884-2024 Handy: 0160-93953921 E-Mail: Lars.Brockmann@polizei.landsh.de  Original-Content von: Polizeidirektion Bad Segeberg, \u00fcbermittelt durch news aktuell<\/p>\n<p>Quelle: <a href=\"https:\/\/www.presseportal.de\/blaulicht\/pm\/19027\/4039271\" target=\"_blank\">presseportal.de<\/a><\/p>\n","protected":false},"excerpt":{"rendered":"<p>Bad Segeberg (ots) &#8211; Am fr\u00fchen Samstagnachmittag (18. August 2018) ist es im Einm\u00fcndungsbereich der Prisdorfer Stra\u00dfe in die Bundesstra\u00dfe<\/p>\n","protected":false},"author":3,"featured_media":0,"comment_status":"open","ping_status":"open","sticky":false,"template":"","format":"standard","meta":{"colormag_page_container_layout":"default_layout","colormag_page_sidebar_layout":"default_layout","footnotes":""},"categories":[20],"tags":[],"class_list":["post-263341","post","type-post","status-publish","format-standard","hentry","category-besondere-neuigkeiten"],"_links":{"self":[{"href":"https:\/\/hier-luebeck.de\/index.php\/wp-json\/wp\/v2\/posts\/263341","targetHints":{"allow":["GET"]}}],"collection":[{"href":"https:\/\/hier-luebeck.de\/index.php\/wp-json\/wp\/v2\/posts"}],"about":[{"href":"https:\/\/hier-luebeck.de\/index.php\/wp-json\/wp\/v2\/types\/post"}],"author":[{"embeddable":true,"href":"https:\/\/hier-luebeck.de\/index.php\/wp-json\/wp\/v2\/users\/3"}],"replies":[{"embeddable":true,"href":"https:\/\/hier-luebeck.de\/index.php\/wp-json\/wp\/v2\/comments?post=263341"}],"version-history":[{"count":0,"href":"https:\/\/hier-luebeck.de\/index.php\/wp-json\/wp\/v2\/posts\/263341\/revisions"}],"wp:attachment":[{"href":"https:\/\/hier-luebeck.de\/index.php\/wp-json\/wp\/v2\/media?parent=263341"}],"wp:term":[{"taxonomy":"category","embeddable":true,"href":"https:\/\/hier-luebeck.de\/index.php\/wp-json\/wp\/v2\/categories?post=263341"},{"taxonomy":"post_tag","embeddable":true,"href":"https:\/\/hier-luebeck.de\/index.php\/wp-json\/wp\/v2\/tags?post=263341"}],"curies":[{"name":"wp","href":"https:\/\/api.w.org\/{rel}","templated":true}]}}