{"id":263366,"date":"2018-08-22T12:16:01","date_gmt":"2018-08-22T12:16:01","guid":{"rendered":"http:\/\/www.hier-luebeck.de\/?p=263366"},"modified":"2018-08-22T12:16:01","modified_gmt":"2018-08-22T12:16:01","slug":"pol-hl-oh-scharbeutz-vandalismus-an-mehreren-fahrzeugen-vermutliche-tatverdaechtige-auf-der-flucht-gestellt","status":"publish","type":"post","link":"https:\/\/hier-luebeck.de\/index.php\/pol-hl-oh-scharbeutz-vandalismus-an-mehreren-fahrzeugen-vermutliche-tatverdaechtige-auf-der-flucht-gestellt\/","title":{"rendered":"POL-HL: OH-Scharbeutz \/\nVandalismus an mehreren Fahrzeugen &#8211; Vermutliche Tatverd\u00e4chtige auf der Flucht gestellt"},"content":{"rendered":"<p>L\u00fcbeck (ots) &#8211; In der Nacht von Montag auf Dienstag (20.\/21.  August 2018) wurden in einer Wohnanlage in Scharbeutz mehrere  Fahrzeuge mit einem gro\u00dfen Gegenstand mutwillig besch\u00e4digt. Zeugen,  die die Tatausf\u00fchrung teilweise beobachtet haben riefen den  Polizeinotruf. Ein mit tatverd\u00e4chtigen Personen besetzter PKW war  fl\u00fcchtig.<!--more-->     Am Montag (20.08.2018) gegen 22:50 Uhr wurden durch Zeugen der  Polizeieinsatzleitstelle \u00fcber Notruf f\u00fcnf F\u00e4lle von Vandalismus  gemeldet. Nach bisherigen Ermittlungen besch\u00e4digten bisweilen  unbekannte und mit Sturmhauben maskierte T\u00e4ter mutwillig mehrere  private PKW der Marken Opel, VW, Fiat, Nissan und Alfa Romeo. Am  schlimmsten betroffen war ein VW Golf mit zwei platten Reifen,  eingeschlagener Windschutzscheibe, diverse Schlagmarken auf dem Dach  und am Heck sowie einem besch\u00e4digten Au\u00dfenspiegel. Der Schaden  bel\u00e4uft sich hier auf circa 3.000 Euro. Der Gesamtsachschaden wird  auf circa 7.000 Euro gesch\u00e4tzt. Laut Zeugenaussagen sollen sich die  m\u00e4nnlichen unbekannten T\u00e4ter unmittelbar nach der Tat mit einem  blauen VW Caddy vom Tatort entfernt haben. Im Rahmen einer sofort  eingeleiteten Fahndung konnte durch die Beamten des Polizeireviers  Bad Schwartau ein blauer VW Caddy besetzt mit drei m\u00e4nnlichen  Personen in der N\u00e4he des Tatortes kontrolliert werden. Nach  derzeitigem Ermittlungsstand kann ein Tatzusammenhang nicht  ausgeschlossen werden. Ein Strafverfahren wurde eingeleitet und die  weiteren Ermittlungen werden durch die Polizeistation Scharbeutz  gef\u00fchrt.     Vanessa Gr\u00e4fin von Hahn     <\/p>\n<p>Quelle: <a href=\"https:\/\/www.presseportal.de\/blaulicht\/pm\/43738\/4041170\" target=\"_blank\">presseportal.de<\/a><\/p>\n","protected":false},"excerpt":{"rendered":"<p>L\u00fcbeck (ots) &#8211; In der Nacht von Montag auf Dienstag (20.\/21. August 2018) wurden in einer Wohnanlage in Scharbeutz mehrere<\/p>\n","protected":false},"author":3,"featured_media":0,"comment_status":"open","ping_status":"open","sticky":false,"template":"","format":"standard","meta":{"colormag_page_container_layout":"default_layout","colormag_page_sidebar_layout":"default_layout","footnotes":""},"categories":[20],"tags":[],"class_list":["post-263366","post","type-post","status-publish","format-standard","hentry","category-besondere-neuigkeiten"],"_links":{"self":[{"href":"https:\/\/hier-luebeck.de\/index.php\/wp-json\/wp\/v2\/posts\/263366","targetHints":{"allow":["GET"]}}],"collection":[{"href":"https:\/\/hier-luebeck.de\/index.php\/wp-json\/wp\/v2\/posts"}],"about":[{"href":"https:\/\/hier-luebeck.de\/index.php\/wp-json\/wp\/v2\/types\/post"}],"author":[{"embeddable":true,"href":"https:\/\/hier-luebeck.de\/index.php\/wp-json\/wp\/v2\/users\/3"}],"replies":[{"embeddable":true,"href":"https:\/\/hier-luebeck.de\/index.php\/wp-json\/wp\/v2\/comments?post=263366"}],"version-history":[{"count":0,"href":"https:\/\/hier-luebeck.de\/index.php\/wp-json\/wp\/v2\/posts\/263366\/revisions"}],"wp:attachment":[{"href":"https:\/\/hier-luebeck.de\/index.php\/wp-json\/wp\/v2\/media?parent=263366"}],"wp:term":[{"taxonomy":"category","embeddable":true,"href":"https:\/\/hier-luebeck.de\/index.php\/wp-json\/wp\/v2\/categories?post=263366"},{"taxonomy":"post_tag","embeddable":true,"href":"https:\/\/hier-luebeck.de\/index.php\/wp-json\/wp\/v2\/tags?post=263366"}],"curies":[{"name":"wp","href":"https:\/\/api.w.org\/{rel}","templated":true}]}}