{"id":263403,"date":"2018-08-22T13:39:08","date_gmt":"2018-08-22T13:39:08","guid":{"rendered":"http:\/\/www.hier-luebeck.de\/besondere-neuigkeiten\/pol-se-halstenbek-am-bahnhof-beleidigung-und-koerperverletzung-nahe-halstenbeker-bahnhof-zeugen-gesucht\/"},"modified":"2018-08-22T13:39:08","modified_gmt":"2018-08-22T13:39:08","slug":"pol-se-halstenbek-am-bahnhof-beleidigung-und-koerperverletzung-nahe-halstenbeker-bahnhof-zeugen-gesucht","status":"publish","type":"post","link":"https:\/\/hier-luebeck.de\/index.php\/pol-se-halstenbek-am-bahnhof-beleidigung-und-koerperverletzung-nahe-halstenbeker-bahnhof-zeugen-gesucht\/","title":{"rendered":"POL-SE: Halstenbek, Am Bahnhof   \/\nBeleidigung und K\u00f6rperverletzung nahe Halstenbeker Bahnhof &#8211; Zeugen gesucht"},"content":{"rendered":"<p>Bad Segeberg (ots) &#8211; Am Montag, 20.08.2018 gegen 08.20 Uhr, ist es in der Stra\u00dfe Am Bahnhof in Halstenbek zu einer Beleidigung, N\u00f6tigung und K\u00f6rperverletzung gekommen.     Der unbekannte T\u00e4ter beleidigte zun\u00e4chst aus einem silbernen  \u00e4lteren Mercedes Kombi heraus eine 29j\u00e4hrige Schenefelderin, schnitt  ihr dann mit dem Fahrzeug den Weg ab, stieg aus und schubste sie.<!--more--> Sie wurde dabei leicht verletzt.     Personenbeschreibung des T\u00e4ters: ca. 55 &#8211; 60 Jahre alt, ca. 1,60 m gro\u00df, kurze, blonde Haare, Narben im Gesicht, schwarzes T-Shirt mit  rotem Schriftzug, hellblaue Jeans, helle Sneaker, evtl. Tattoo am  Oberarm.     Zeugen, die Hinweise zur Identit\u00e4t des bisher unbekannten T\u00e4ters  geben k\u00f6nnen oder den Vorfall beobachtet haben, werden gebeten, sich  bei der Polizei Rellingen unter 04101-4980 zu melden.     Polizeidirektion Bad Segeberg &#8211; Pressestelle &#8211; Dorfstr. 16-18 23795 Bad Segeberg  Jenna Timm Telefon: 04551-884-2024 E-Mail: pressestelle.badsegeberg@polizei.landsh.de  Original-Content von: Polizeidirektion Bad Segeberg, \u00fcbermittelt durch news aktuell<\/p>\n<p>Quelle: <a href=\"https:\/\/www.presseportal.de\/blaulicht\/pm\/19027\/4041333\" target=\"_blank\">presseportal.de<\/a><\/p>\n","protected":false},"excerpt":{"rendered":"<p>Bad Segeberg (ots) &#8211; Am Montag, 20.08.2018 gegen 08.20 Uhr, ist es in der Stra\u00dfe Am Bahnhof in Halstenbek zu<\/p>\n","protected":false},"author":3,"featured_media":0,"comment_status":"open","ping_status":"open","sticky":false,"template":"","format":"standard","meta":{"colormag_page_container_layout":"default_layout","colormag_page_sidebar_layout":"default_layout","footnotes":""},"categories":[20],"tags":[],"class_list":["post-263403","post","type-post","status-publish","format-standard","hentry","category-besondere-neuigkeiten"],"_links":{"self":[{"href":"https:\/\/hier-luebeck.de\/index.php\/wp-json\/wp\/v2\/posts\/263403","targetHints":{"allow":["GET"]}}],"collection":[{"href":"https:\/\/hier-luebeck.de\/index.php\/wp-json\/wp\/v2\/posts"}],"about":[{"href":"https:\/\/hier-luebeck.de\/index.php\/wp-json\/wp\/v2\/types\/post"}],"author":[{"embeddable":true,"href":"https:\/\/hier-luebeck.de\/index.php\/wp-json\/wp\/v2\/users\/3"}],"replies":[{"embeddable":true,"href":"https:\/\/hier-luebeck.de\/index.php\/wp-json\/wp\/v2\/comments?post=263403"}],"version-history":[{"count":0,"href":"https:\/\/hier-luebeck.de\/index.php\/wp-json\/wp\/v2\/posts\/263403\/revisions"}],"wp:attachment":[{"href":"https:\/\/hier-luebeck.de\/index.php\/wp-json\/wp\/v2\/media?parent=263403"}],"wp:term":[{"taxonomy":"category","embeddable":true,"href":"https:\/\/hier-luebeck.de\/index.php\/wp-json\/wp\/v2\/categories?post=263403"},{"taxonomy":"post_tag","embeddable":true,"href":"https:\/\/hier-luebeck.de\/index.php\/wp-json\/wp\/v2\/tags?post=263403"}],"curies":[{"name":"wp","href":"https:\/\/api.w.org\/{rel}","templated":true}]}}