{"id":263491,"date":"2018-08-23T20:00:00","date_gmt":"2018-08-23T20:00:00","guid":{"rendered":"http:\/\/www.hier-luebeck.de\/politik-wirtschaft\/volkswagen-nutzfahrzeuge-zuendet-premieren-feuerwerk-auf-dem-caravan-salon-2018-doppelpremiere-des-grand-california-einstiegspreis-unter-eur-55-000-foto\/"},"modified":"2018-08-23T20:00:00","modified_gmt":"2018-08-23T20:00:00","slug":"volkswagen-nutzfahrzeuge-zuendet-premieren-feuerwerk-auf-dem-caravan-salon-2018-doppelpremiere-des-grand-california-einstiegspreis-unter-eur-55-000-foto","status":"publish","type":"post","link":"https:\/\/hier-luebeck.de\/index.php\/volkswagen-nutzfahrzeuge-zuendet-premieren-feuerwerk-auf-dem-caravan-salon-2018-doppelpremiere-des-grand-california-einstiegspreis-unter-eur-55-000-foto\/","title":{"rendered":"Volkswagen Nutzfahrzeuge z\u00fcndet Premieren-Feuerwerk auf dem Caravan Salon 2018 \/ Doppelpremiere des Grand California: Einstiegspreis unter EUR 55.000,- (FOTO)"},"content":{"rendered":"<p><img decoding=\"async\" class=\"alignleft size-full\" title=\"Volkswagen Nutzfahrzeuge z\u00fcndet Premieren-Feuerwerk auf dem Caravan Salon 2018\/Doppelpremiere des Grand California: Einstiegspreis unter EUR 55.000,- \/ Grand California 600 und Grand California 680 Weiterer Text \u00fcber ots und www.presseportal.de\/nr\/55462 \/ Die Verwendung dieses Bildes ist f\u00fcr redaktionelle Zwecke honorarfrei. Ver\u00f6ffentlichung bitte unter Quellenangabe: \"obs\/VW Volkswagen Nutzfahrzeuge AG\/Volkswagen Nutzfahrzeuge\"\" src=\"https:\/\/cache.pressmailing.net\/thumbnail\/story_big\/32995682-aa28-4c64-89f7-942c907c5391\/Grand%20California%20600%20and%20680.jpg\" \/><\/p>\n<p>D\u00fcsseldorf\/Hannover (ots) &#8211;     Volkswagen Nutzfahrzeuge pr\u00e4sentiert am Vorabend des Caravan  Salons in D\u00fcsseldorf gleich drei neue Reisemobile: den Grand  California 600 mit einem eigenst\u00e4ndigen Dachkonzept und &#8211; v\u00f6llig  \u00fcberraschend  &#8211; den Grand California 680 als Version mit  L\u00e4ngsdoppelbett im Schlafraum.<!--more--> Der neue, gro\u00dfe Camper wird somit als  6,0- und 6,8-Meter-Version auf Reisen gehen. Grundpreis von unter  55.000 Euro (Deutschland) f\u00fcr den Grand California 600 (130kw  Frontantrieb mit 8-Gang-Automatik). Dar\u00fcberhinaus ist das  Sondermodell California 30 Years erstmalig zu sehen.     Im Fr\u00fchjahr 2019 wird der neue Grand California auf Crafter-Basis  in den Handel kommen und die Welt der Globetrotter um eines der  modernsten Reisemobile unserer Zeit bereichern. Volkswagen  Nutzfahrzeuge baut mit ihm das California-Programm nach oben aus und  wird so ein neues Spektrum der M\u00f6glichkeiten erschlie\u00dfen.     Grand California 600: Das 6 Meter lange Reisemobil bietet im Heck  einen Schlafbereich mit quer integriertem Bett (1.950 x 1.400 mm).  Optional kann dieses Modell zudem mit einen Bett f\u00fcr Kinder im neu  entwickelten Hochdach bestellt werden &#8211; ein ideales Reisemobil f\u00fcr  Familien. Ist das Kinderbett an Bord, wird der Grand California  automatisch mit einem gro\u00dfen Panoramadach ausgeliefert.     Grand California 680: Der 6,8 Meter lange Camper besitzt einen  l\u00e4ngs im Heck integrierten, noch gr\u00f6\u00dferen Schlafbereich (2.000 x  1.700 mm) sowie ein Plus an Stauraum. Der Grand California ist in  dieser Version mit einem ausgebauten Serien-Superhochdach des Crafter ausgestattet &#8211; ein besonders luxuri\u00f6ser Camper mit einem gro\u00dfen  Schlafplatz und sehr viel Raum f\u00fcr zwei Personen auf den gro\u00dfen  Reisen des Lebens.     California 30 Years: Bereits bestellt werden kann der zum 30.  Geburtstag der Reisemobil-Ikone konzipierte California 30 Years.  Au\u00dfen zeichnet das Jubil\u00e4umsmodell ein in den Kontrastfarben  &#8222;Reflexsilber Metallic&#8220; oder &#8222;Indiumgrau Metallic&#8220; ausgef\u00fchrtes  Ausstelldach aus. Im selben Farbton sind jeweils die  Au\u00dfenspiegelgeh\u00e4use gehalten. Zur erweiterten Ausstattung geh\u00f6ren im  Exterieur zudem glanzgedrehte 17-Zoll-Leichtmetallfelgen des Typs  &#8222;Cascavel&#8220; in &#8222;Silber&#8220; oder &#8222;Anthrazit&#8220;. Innen wird die Limited  Edition unter anderem durch das neue Schrankdekor &#8222;Bright Wood&#8220;  individualisiert. Das veredelte und auf 999 Exemplare limitierte und  durchnummerierte Jubil\u00e4umsmodell wird zum Grundpreis von 57.215,20  Euro (Deutschland) angeboten.     Die Besucher des Caravan Salons 2018 haben bis zum 2. September  die M\u00f6glichkeit, die neuen Reisemobile von Volkswagen Nutzfahrzeuge  in Halle 16 der D\u00fcsseldorfer Messe pers\u00f6nlich in Augenschein zu  nehmen.    Pressekontakt: Volkswagen Nutzfahrzeuge Produktkommunikation Christian Schl\u00fcter Telefon: 0511 \/ 798-5809 E-Mail: christian.schlueter@volkswagen.de www.vwn-presse.de  Original-Content von: VW Volkswagen Nutzfahrzeuge AG, \u00fcbermittelt durch news aktuell<\/p>\n<p>Quelle: <a href=\"https:\/\/www.presseportal.de\/pm\/55462\/4042644\" target=\"_blank\">presseportal.de<\/a><\/p>\n","protected":false},"excerpt":{"rendered":"<p>D\u00fcsseldorf\/Hannover (ots) &#8211; Volkswagen Nutzfahrzeuge pr\u00e4sentiert am Vorabend des Caravan Salons in D\u00fcsseldorf gleich drei neue Reisemobile: den Grand California<\/p>\n","protected":false},"author":3,"featured_media":0,"comment_status":"open","ping_status":"open","sticky":false,"template":"","format":"standard","meta":{"colormag_page_container_layout":"default_layout","colormag_page_sidebar_layout":"default_layout","footnotes":""},"categories":[5],"tags":[],"class_list":["post-263491","post","type-post","status-publish","format-standard","hentry","category-politik-wirtschaft"],"_links":{"self":[{"href":"https:\/\/hier-luebeck.de\/index.php\/wp-json\/wp\/v2\/posts\/263491","targetHints":{"allow":["GET"]}}],"collection":[{"href":"https:\/\/hier-luebeck.de\/index.php\/wp-json\/wp\/v2\/posts"}],"about":[{"href":"https:\/\/hier-luebeck.de\/index.php\/wp-json\/wp\/v2\/types\/post"}],"author":[{"embeddable":true,"href":"https:\/\/hier-luebeck.de\/index.php\/wp-json\/wp\/v2\/users\/3"}],"replies":[{"embeddable":true,"href":"https:\/\/hier-luebeck.de\/index.php\/wp-json\/wp\/v2\/comments?post=263491"}],"version-history":[{"count":0,"href":"https:\/\/hier-luebeck.de\/index.php\/wp-json\/wp\/v2\/posts\/263491\/revisions"}],"wp:attachment":[{"href":"https:\/\/hier-luebeck.de\/index.php\/wp-json\/wp\/v2\/media?parent=263491"}],"wp:term":[{"taxonomy":"category","embeddable":true,"href":"https:\/\/hier-luebeck.de\/index.php\/wp-json\/wp\/v2\/categories?post=263491"},{"taxonomy":"post_tag","embeddable":true,"href":"https:\/\/hier-luebeck.de\/index.php\/wp-json\/wp\/v2\/tags?post=263491"}],"curies":[{"name":"wp","href":"https:\/\/api.w.org\/{rel}","templated":true}]}}