{"id":263527,"date":"2018-08-24T15:31:20","date_gmt":"2018-08-24T15:31:20","guid":{"rendered":"http:\/\/www.hier-luebeck.de\/politik-wirtschaft\/kauder-indien-muss-handeln\/"},"modified":"2018-08-24T15:31:20","modified_gmt":"2018-08-24T15:31:20","slug":"kauder-indien-muss-handeln","status":"publish","type":"post","link":"https:\/\/hier-luebeck.de\/index.php\/kauder-indien-muss-handeln\/","title":{"rendered":"Kauder: Indien muss handeln"},"content":{"rendered":"<p>Berlin (ots) &#8211; Zehn Jahre nach blutigen Ausschreitungen gegen  Christen im indischen Bundesstaat Orissa stehen Aufarbeitung und  Gerechtigkeit f\u00fcr die Opfer aus     Vor zehn Jahren, am 25. August 2008, kam es zu der bis heute  gr\u00f6\u00dften Welle der Gewalt gegen Christen in Indien.<!--more--> Hierzu erkl\u00e4rt der Vorsitzende der CDU\/CSU-Fraktion im Deutschen Bundestag, Volker  Kauder:     &#8222;Zehn Jahre nach der schrecklichen Welle der Gewalt gegen die aus  den \u00e4rmsten Bev\u00f6lkerungsschichten stammenden Christen im indischen  Bundesstaat Orissa warten die Opfer noch immer auf Gerechtigkeit oder eine Entsch\u00e4digung f\u00fcr ihre Leiden und ihre Verluste. W\u00e4hrend  Verfahren gegen Verantwortliche eingestellt wurden, sind sieben  willk\u00fcrlich verhaftete Christen noch immer in Haft.     Ich habe Khandamal bereits zweimal besucht, um mich dort \u00fcber die  Not der Christen zu informieren. Die hier herrschende  Ungerechtigkeit, die auch das indische oberste Gericht verurteilt  hat, k\u00f6nnen wir nicht dulden. Ich werde bei der indischen Botschaft  in Berlin als auch bei der indischen Regierung vorstellig werden und  mich f\u00fcr die Opfer der Gewalt einsetzen.     Die von Hindu-Nationalisten ausge\u00fcbten, pogromartigen  Ausschreitungen gegen die Christen in der Khandamal-Region im  indischen Bundesstaat Orissa, die am 25. August 2008, vor genau zehn  Jahren entfesselt wurden, sind bis jetzt nicht abschlie\u00dfend  aufgearbeitet oder ges\u00fchnt. Nach Berichten der Betroffenen kam es zu  mehr als 100 Morden an Christen, 393 Kirchen und Kultst\u00e4tten der  Christen sowie 6.500 H\u00e4user wurden zerst\u00f6rt und vielfach dem Erdboden gleichgemacht. Mehr als 56.000 Menschen mussten aus der Region  fliehen und k\u00f6nnen bis heute nicht in ihre Heimatorte zur\u00fcckkehren.  Die Christen des Staates Orissa, die vielfach der untersten Kaste der indischen Gesellschaft oder der Gruppe der benachteiligten  Ureinwohner des Subkontinents, den Adivasi angeh\u00f6ren, lebten schon  vor den Ausschreitungen am Rande der Armut.     Auch nach einem Richterspruch des obersten Indischen Gerichts im  Jahr 2016, der den Bundesstaat Orissa zu einer Wiederaufnahme von 315 eingestellten Ermittlungsverfahren gegen die Urheber der Gewalttaten  und angemessenen Entsch\u00e4digungsleistungen verpflichtet hatte, ist  bisher nur eine minimale Wiedergutmachung erfolgt. Viele Beschwerden  wurden gar nicht erst von Gerichten angenommen, und die wenigsten  sind bisher abschlie\u00dfend geregelt. Angeklagte Gewaltt\u00e4ter wurden  vielfach freigesprochen, gleichzeitig sind sieben Christen, die  aufgrund einer falschen Anklage im Zuge der Gewalttaten verhaftet  wurden, noch immer in Haft.&#8220;    Pressekontakt: CDU\/CSU &#8211; Bundestagsfraktion Pressestelle Telefon:  (030) 227-52360 Fax:      (030) 227-56660 Internet: http:\/\/www.cducsu.de Email: pressestelle@cducsu.de  Original-Content von: CDU\/CSU &#8211; Bundestagsfraktion, \u00fcbermittelt durch news aktuell<\/p>\n<p>Quelle: <a href=\"https:\/\/www.presseportal.de\/pm\/7846\/4043513\" target=\"_blank\">presseportal.de<\/a><\/p>\n","protected":false},"excerpt":{"rendered":"<p>Berlin (ots) &#8211; Zehn Jahre nach blutigen Ausschreitungen gegen Christen im indischen Bundesstaat Orissa stehen Aufarbeitung und Gerechtigkeit f\u00fcr die<\/p>\n","protected":false},"author":3,"featured_media":0,"comment_status":"open","ping_status":"open","sticky":false,"template":"","format":"standard","meta":{"colormag_page_container_layout":"default_layout","colormag_page_sidebar_layout":"default_layout","footnotes":""},"categories":[5],"tags":[],"class_list":["post-263527","post","type-post","status-publish","format-standard","hentry","category-politik-wirtschaft"],"_links":{"self":[{"href":"https:\/\/hier-luebeck.de\/index.php\/wp-json\/wp\/v2\/posts\/263527","targetHints":{"allow":["GET"]}}],"collection":[{"href":"https:\/\/hier-luebeck.de\/index.php\/wp-json\/wp\/v2\/posts"}],"about":[{"href":"https:\/\/hier-luebeck.de\/index.php\/wp-json\/wp\/v2\/types\/post"}],"author":[{"embeddable":true,"href":"https:\/\/hier-luebeck.de\/index.php\/wp-json\/wp\/v2\/users\/3"}],"replies":[{"embeddable":true,"href":"https:\/\/hier-luebeck.de\/index.php\/wp-json\/wp\/v2\/comments?post=263527"}],"version-history":[{"count":0,"href":"https:\/\/hier-luebeck.de\/index.php\/wp-json\/wp\/v2\/posts\/263527\/revisions"}],"wp:attachment":[{"href":"https:\/\/hier-luebeck.de\/index.php\/wp-json\/wp\/v2\/media?parent=263527"}],"wp:term":[{"taxonomy":"category","embeddable":true,"href":"https:\/\/hier-luebeck.de\/index.php\/wp-json\/wp\/v2\/categories?post=263527"},{"taxonomy":"post_tag","embeddable":true,"href":"https:\/\/hier-luebeck.de\/index.php\/wp-json\/wp\/v2\/tags?post=263527"}],"curies":[{"name":"wp","href":"https:\/\/api.w.org\/{rel}","templated":true}]}}