{"id":266055,"date":"2018-10-28T18:17:54","date_gmt":"2018-10-28T17:17:54","guid":{"rendered":"http:\/\/www.hier-luebeck.de\/?p=266055"},"modified":"2018-10-28T18:17:54","modified_gmt":"2018-10-28T17:17:54","slug":"schweren-verkehrsunfall-auf-der-a215-kurz-vor-bordesholm","status":"publish","type":"post","link":"https:\/\/hier-luebeck.de\/index.php\/schweren-verkehrsunfall-auf-der-a215-kurz-vor-bordesholm\/","title":{"rendered":"Schweren Verkehrsunfall auf der A215 kurz vor Bordesholm."},"content":{"rendered":"<p><a href=\"http:\/\/www.hier-luebeck.de\/wp-content\/uploads\/2018\/10\/Foto_Tom_Nyfeler_VU_B215_02.jpg\"><img loading=\"lazy\" decoding=\"async\" class=\"alignleft  wp-image-266057\" src=\"http:\/\/www.hier-luebeck.de\/wp-content\/uploads\/2018\/10\/Foto_Tom_Nyfeler_VU_B215_02-550x349.jpg\" alt=\"Foto_Tom_Nyfeler_VU_B215_02\" width=\"504\" height=\"320\" srcset=\"https:\/\/hier-luebeck.de\/wp-content\/uploads\/2018\/10\/Foto_Tom_Nyfeler_VU_B215_02.jpg 550w, https:\/\/hier-luebeck.de\/wp-content\/uploads\/2018\/10\/Foto_Tom_Nyfeler_VU_B215_02-320x203.jpg 320w\" sizes=\"auto, (max-width: 504px) 100vw, 504px\" \/><\/a>Schweren Verkehrsunfall auf der A215 kurz vor Bordesholm. Datum: 28.10.2018, Uhrzeit: 01:00 Uhr, Ort: A215 kurz vor Bordesholm in Richtung Kiel. <strong>Fotos und Text: Tom Nyfeler \/ Digitalfotografie Nyfeler \u00b7 Schutzengel an Bord \u00b7 <\/strong>Der Neum\u00fcnsteraner Fahrer des ausgedienten Einsatzfahrzeuges der Feuerwehr, ein Volkswagen T4, hatte mehr als gro\u00dfes Gl\u00fcck und einen Schutzengel bei seinem schweren Unfall auf der Autobahn 215 kurz vor Bordesholm in Fahrtrichtung Kiel. <!--more-->Gegen 1.00 Uhr wurde die Rettungsleistelle Mitte in Kiel \u00fcber einen schweren Verkehrsunfall mit eingeklemmter Person \u00fcber den Notruf 112 informiert. Da der Einsatzabschnitt zwischen Neum\u00fcnster Nord und Bordesholm war, wurde die Berufsfeuerwehr Neum\u00fcnster hinzugezogen und \u00fcbernahm den Einsatz. Sofort alarmierten die Leitstelle der Berufsfeuerwehr den R\u00fcstzug, sowie zwei Rettungswagen der Berufsfeuerwehr Neum\u00fcnster. Die Einsatzkr\u00e4fte befreiten den schwerverletzten Mann mit schwerem Ger\u00e4t und \u00fcbergaben ihn an den Rettungsdienst. Das Fahrzeug kam von der Stra\u00dfe ab, fuhr in die gefrorene Bankette anschlie\u00dfend in die B\u00f6schung, prallte gegen einen Baum und kam nach ca. 60 Metern zum Stehen. An dem PKW entstand Totalschaden. Die Beamten der Autobahnpolizei sperrten auf der A7 die Auffahrt A215 Richtung Kiel f\u00fcr ca. 1,5 Stunde. Zwei weitere Beamte nahmen den Unfall auf, die Unfallursache wird nun ermittelt.<\/p>\n<p><a href=\"http:\/\/www.hier-luebeck.de\/wp-content\/uploads\/2018\/10\/Foto_Tom_Nyfeler_VU_B215_04.jpg\"><img loading=\"lazy\" decoding=\"async\" class=\"alignleft size-large wp-image-266059\" src=\"http:\/\/www.hier-luebeck.de\/wp-content\/uploads\/2018\/10\/Foto_Tom_Nyfeler_VU_B215_04-550x255.jpg\" alt=\"Foto_Tom_Nyfeler_VU_B215_04\" width=\"550\" height=\"255\" srcset=\"https:\/\/hier-luebeck.de\/wp-content\/uploads\/2018\/10\/Foto_Tom_Nyfeler_VU_B215_04.jpg 550w, https:\/\/hier-luebeck.de\/wp-content\/uploads\/2018\/10\/Foto_Tom_Nyfeler_VU_B215_04-320x148.jpg 320w\" sizes=\"auto, (max-width: 550px) 100vw, 550px\" \/><\/a> <a href=\"http:\/\/www.hier-luebeck.de\/wp-content\/uploads\/2018\/10\/Foto_Tom_Nyfeler_VU_B215_03.jpg\"><img loading=\"lazy\" decoding=\"async\" class=\"size-large wp-image-266058 alignright\" src=\"http:\/\/www.hier-luebeck.de\/wp-content\/uploads\/2018\/10\/Foto_Tom_Nyfeler_VU_B215_03-550x367.jpg\" alt=\"Foto_Tom_Nyfeler_VU_B215_03\" width=\"550\" height=\"367\" srcset=\"https:\/\/hier-luebeck.de\/wp-content\/uploads\/2018\/10\/Foto_Tom_Nyfeler_VU_B215_03.jpg 550w, https:\/\/hier-luebeck.de\/wp-content\/uploads\/2018\/10\/Foto_Tom_Nyfeler_VU_B215_03-320x214.jpg 320w\" sizes=\"auto, (max-width: 550px) 100vw, 550px\" \/><\/a> <a href=\"http:\/\/www.hier-luebeck.de\/wp-content\/uploads\/2018\/10\/Foto_Tom_Nyfeler_VU_B215_01.jpg\"><img loading=\"lazy\" decoding=\"async\" class=\"alignleft size-large wp-image-266056\" src=\"http:\/\/www.hier-luebeck.de\/wp-content\/uploads\/2018\/10\/Foto_Tom_Nyfeler_VU_B215_01-550x307.jpg\" alt=\"Foto_Tom_Nyfeler_VU_B215_01\" width=\"550\" height=\"307\" srcset=\"https:\/\/hier-luebeck.de\/wp-content\/uploads\/2018\/10\/Foto_Tom_Nyfeler_VU_B215_01.jpg 550w, https:\/\/hier-luebeck.de\/wp-content\/uploads\/2018\/10\/Foto_Tom_Nyfeler_VU_B215_01-320x179.jpg 320w\" sizes=\"auto, (max-width: 550px) 100vw, 550px\" \/><\/a><\/p>\n","protected":false},"excerpt":{"rendered":"<p>Schweren Verkehrsunfall auf der A215 kurz vor Bordesholm. Datum: 28.10.2018, Uhrzeit: 01:00 Uhr, Ort: A215 kurz vor Bordesholm in Richtung<\/p>\n","protected":false},"author":3,"featured_media":266057,"comment_status":"open","ping_status":"open","sticky":false,"template":"","format":"standard","meta":{"colormag_page_container_layout":"default_layout","colormag_page_sidebar_layout":"default_layout","footnotes":""},"categories":[20],"tags":[],"class_list":["post-266055","post","type-post","status-publish","format-standard","has-post-thumbnail","hentry","category-besondere-neuigkeiten"],"_links":{"self":[{"href":"https:\/\/hier-luebeck.de\/index.php\/wp-json\/wp\/v2\/posts\/266055","targetHints":{"allow":["GET"]}}],"collection":[{"href":"https:\/\/hier-luebeck.de\/index.php\/wp-json\/wp\/v2\/posts"}],"about":[{"href":"https:\/\/hier-luebeck.de\/index.php\/wp-json\/wp\/v2\/types\/post"}],"author":[{"embeddable":true,"href":"https:\/\/hier-luebeck.de\/index.php\/wp-json\/wp\/v2\/users\/3"}],"replies":[{"embeddable":true,"href":"https:\/\/hier-luebeck.de\/index.php\/wp-json\/wp\/v2\/comments?post=266055"}],"version-history":[{"count":1,"href":"https:\/\/hier-luebeck.de\/index.php\/wp-json\/wp\/v2\/posts\/266055\/revisions"}],"predecessor-version":[{"id":266060,"href":"https:\/\/hier-luebeck.de\/index.php\/wp-json\/wp\/v2\/posts\/266055\/revisions\/266060"}],"wp:featuredmedia":[{"embeddable":true,"href":"https:\/\/hier-luebeck.de\/index.php\/wp-json\/wp\/v2\/media\/266057"}],"wp:attachment":[{"href":"https:\/\/hier-luebeck.de\/index.php\/wp-json\/wp\/v2\/media?parent=266055"}],"wp:term":[{"taxonomy":"category","embeddable":true,"href":"https:\/\/hier-luebeck.de\/index.php\/wp-json\/wp\/v2\/categories?post=266055"},{"taxonomy":"post_tag","embeddable":true,"href":"https:\/\/hier-luebeck.de\/index.php\/wp-json\/wp\/v2\/tags?post=266055"}],"curies":[{"name":"wp","href":"https:\/\/api.w.org\/{rel}","templated":true}]}}