{"id":266081,"date":"2018-10-28T14:50:57","date_gmt":"2018-10-28T14:50:57","guid":{"rendered":"http:\/\/www.hier-luebeck.de\/politik-wirtschaft\/olaf-scholz-verurteilt-cum-ex-geschaefte-als-steuerpolitischen-skandal-und-geht-davon-aus-dass-sie-beendet-sind\/"},"modified":"2018-10-28T14:50:57","modified_gmt":"2018-10-28T14:50:57","slug":"olaf-scholz-verurteilt-cum-ex-geschaefte-als-steuerpolitischen-skandal-und-geht-davon-aus-dass-sie-beendet-sind","status":"publish","type":"post","link":"https:\/\/hier-luebeck.de\/index.php\/olaf-scholz-verurteilt-cum-ex-geschaefte-als-steuerpolitischen-skandal-und-geht-davon-aus-dass-sie-beendet-sind\/","title":{"rendered":"Olaf Scholz verurteilt Cum-Ex Gesch\u00e4fte als &#8222;steuerpolitischen Skandal&#8220; und geht davon aus, dass sie beendet sind"},"content":{"rendered":"<p>Hamburg (ots) &#8211; Bundesfinanzminister Olaf Scholz verurteilte am  Sonntag, 27.10.2018, bei der ZEIT MATINEE die  &#8222;Cum-Ex&#8220;-Steuergesch\u00e4fte: &#8222;Das, was dort stattgefunden hat &#8211; in der  Vergangenheit -, ist ein gro\u00dfer steuerpolitischer Skandal.<!--more-->&#8220;     Im Gespr\u00e4ch mit ZEIT-Herausgeber Josef Joffe und ZEIT-Redakteur  Roman Pletter betonte der Vizekanzler, dass Gesetze, die diesen  Milliardenbetrug verhindert h\u00e4tten, viel zu sp\u00e4t erlassen worden  seien. &#8222;Das sollte nie wieder so passieren.&#8220; Zur aktuellen Situation  sagte Scholz: &#8222;Soweit ich das \u00fcberblicken kann, laufen die Gesch\u00e4fte  in Deutschland nicht mehr.&#8220;    Pressekontakt: Kay Stelter Leiter Leserveranstaltungen Telefon: +49 (0)40 3280-145 E-Mail: kay.stelter@zeit.de  Original-Content von: DIE ZEIT, \u00fcbermittelt durch news aktuell<\/p>\n<p>Quelle: <a href=\"https:\/\/www.presseportal.de\/pm\/9377\/4100076\" target=\"_blank\">presseportal.de<\/a><\/p>\n","protected":false},"excerpt":{"rendered":"<p>Hamburg (ots) &#8211; Bundesfinanzminister Olaf Scholz verurteilte am Sonntag, 27.10.2018, bei der ZEIT MATINEE die &#8222;Cum-Ex&#8220;-Steuergesch\u00e4fte: &#8222;Das, was dort stattgefunden<\/p>\n","protected":false},"author":3,"featured_media":0,"comment_status":"open","ping_status":"open","sticky":false,"template":"","format":"standard","meta":{"colormag_page_container_layout":"default_layout","colormag_page_sidebar_layout":"default_layout","footnotes":""},"categories":[5],"tags":[],"class_list":["post-266081","post","type-post","status-publish","format-standard","hentry","category-politik-wirtschaft"],"_links":{"self":[{"href":"https:\/\/hier-luebeck.de\/index.php\/wp-json\/wp\/v2\/posts\/266081","targetHints":{"allow":["GET"]}}],"collection":[{"href":"https:\/\/hier-luebeck.de\/index.php\/wp-json\/wp\/v2\/posts"}],"about":[{"href":"https:\/\/hier-luebeck.de\/index.php\/wp-json\/wp\/v2\/types\/post"}],"author":[{"embeddable":true,"href":"https:\/\/hier-luebeck.de\/index.php\/wp-json\/wp\/v2\/users\/3"}],"replies":[{"embeddable":true,"href":"https:\/\/hier-luebeck.de\/index.php\/wp-json\/wp\/v2\/comments?post=266081"}],"version-history":[{"count":0,"href":"https:\/\/hier-luebeck.de\/index.php\/wp-json\/wp\/v2\/posts\/266081\/revisions"}],"wp:attachment":[{"href":"https:\/\/hier-luebeck.de\/index.php\/wp-json\/wp\/v2\/media?parent=266081"}],"wp:term":[{"taxonomy":"category","embeddable":true,"href":"https:\/\/hier-luebeck.de\/index.php\/wp-json\/wp\/v2\/categories?post=266081"},{"taxonomy":"post_tag","embeddable":true,"href":"https:\/\/hier-luebeck.de\/index.php\/wp-json\/wp\/v2\/tags?post=266081"}],"curies":[{"name":"wp","href":"https:\/\/api.w.org\/{rel}","templated":true}]}}