{"id":266126,"date":"2018-10-29T11:41:39","date_gmt":"2018-10-29T11:41:39","guid":{"rendered":"http:\/\/www.hier-luebeck.de\/besondere-neuigkeiten\/pol-hl-beinaheunfall-mit-radfahrer-zeugen-gesucht-2\/"},"modified":"2018-10-29T11:41:39","modified_gmt":"2018-10-29T11:41:39","slug":"pol-hl-beinaheunfall-mit-radfahrer-zeugen-gesucht-2","status":"publish","type":"post","link":"https:\/\/hier-luebeck.de\/index.php\/pol-hl-beinaheunfall-mit-radfahrer-zeugen-gesucht-2\/","title":{"rendered":"POL-HL: Beinaheunfall mit Radfahrer  &#8211; Zeugen gesucht &#8211;"},"content":{"rendered":"<p>L\u00fcbeck (ots) &#8211; Am Dienstagnachmittag (23. 10.) kam es in der  L\u00fcbecker Innenstadt zu einem Beinaheunfall zwischen einer Fu\u00dfg\u00e4ngerin und einem Fahrradfahrer. Die Ermittlungen zum Unfallhergang dauern  an. Die Polizei sucht Zeugen.     Um 15:40 Uhr betrat bei Rot anzeigender Ampel ein ca. 11 Jahre  altes M\u00e4dchen die Fahrbahn in der Breiten  Stra\u00dfe Ecke Beckergrube.<!--more-->  Ein 37-j\u00e4hriger Fahrradfahrer musste daraufhin abbremsen und fiel auf die Fahrbahn. Er wurde jedoch nicht verletzt. Bei der anschlie\u00dfenden  Sachverhaltsaufnahme  durch zuf\u00e4llig hinzukommende Polizeibeamte  des 1. Polizeireviers  konnte der Unfallhergang nicht abschlie\u00dfend  ermittelt werden. Es wird derzeit \u00fcberpr\u00fcft, ob durch den  Verkehrsunfall Sachsch\u00e4den verursacht worden sind.     Vor diesem Hintergrund wird die ca. 11 Jahre alte Fu\u00dfg\u00e4ngerin  gesucht. Der Beschreibung nach soll sie ca. 1,60m gro\u00df sein und ein  westeurop\u00e4isches Aussehen haben. Ihre dunklen Haare trug sie  schulterlang. Zur Unfallzeit war sie mit einer blauen Jeans  bekleidet.     Sachdienliche Hinweise nimmt das  1. Polizeirevier L\u00fcbeck unter  der Telefonnummer 0451-1316145 entgegen.     <\/p>\n<p>Quelle: <a href=\"https:\/\/www.presseportal.de\/blaulicht\/pm\/43738\/4100650\" target=\"_blank\">presseportal.de<\/a><\/p>\n","protected":false},"excerpt":{"rendered":"<p>L\u00fcbeck (ots) &#8211; Am Dienstagnachmittag (23. 10.) kam es in der L\u00fcbecker Innenstadt zu einem Beinaheunfall zwischen einer Fu\u00dfg\u00e4ngerin und<\/p>\n","protected":false},"author":3,"featured_media":0,"comment_status":"open","ping_status":"open","sticky":false,"template":"","format":"standard","meta":{"colormag_page_container_layout":"default_layout","colormag_page_sidebar_layout":"default_layout","footnotes":""},"categories":[20],"tags":[],"class_list":["post-266126","post","type-post","status-publish","format-standard","hentry","category-besondere-neuigkeiten"],"_links":{"self":[{"href":"https:\/\/hier-luebeck.de\/index.php\/wp-json\/wp\/v2\/posts\/266126","targetHints":{"allow":["GET"]}}],"collection":[{"href":"https:\/\/hier-luebeck.de\/index.php\/wp-json\/wp\/v2\/posts"}],"about":[{"href":"https:\/\/hier-luebeck.de\/index.php\/wp-json\/wp\/v2\/types\/post"}],"author":[{"embeddable":true,"href":"https:\/\/hier-luebeck.de\/index.php\/wp-json\/wp\/v2\/users\/3"}],"replies":[{"embeddable":true,"href":"https:\/\/hier-luebeck.de\/index.php\/wp-json\/wp\/v2\/comments?post=266126"}],"version-history":[{"count":0,"href":"https:\/\/hier-luebeck.de\/index.php\/wp-json\/wp\/v2\/posts\/266126\/revisions"}],"wp:attachment":[{"href":"https:\/\/hier-luebeck.de\/index.php\/wp-json\/wp\/v2\/media?parent=266126"}],"wp:term":[{"taxonomy":"category","embeddable":true,"href":"https:\/\/hier-luebeck.de\/index.php\/wp-json\/wp\/v2\/categories?post=266126"},{"taxonomy":"post_tag","embeddable":true,"href":"https:\/\/hier-luebeck.de\/index.php\/wp-json\/wp\/v2\/tags?post=266126"}],"curies":[{"name":"wp","href":"https:\/\/api.w.org\/{rel}","templated":true}]}}