{"id":266143,"date":"2018-10-29T10:40:16","date_gmt":"2018-10-29T10:40:16","guid":{"rendered":"http:\/\/www.hier-luebeck.de\/politik-wirtschaft\/bundesgesundheitsministerium-senkt-zusatzbeitrag-fuer-2019-auf-09-prozent-aok-nordost-plant-ihren-haushalt-damit-bereits-im-5-jahr-in-folge\/"},"modified":"2018-10-29T10:40:16","modified_gmt":"2018-10-29T10:40:16","slug":"bundesgesundheitsministerium-senkt-zusatzbeitrag-fuer-2019-auf-09-prozent-aok-nordost-plant-ihren-haushalt-damit-bereits-im-5-jahr-in-folge","status":"publish","type":"post","link":"https:\/\/hier-luebeck.de\/index.php\/bundesgesundheitsministerium-senkt-zusatzbeitrag-fuer-2019-auf-09-prozent-aok-nordost-plant-ihren-haushalt-damit-bereits-im-5-jahr-in-folge\/","title":{"rendered":"Bundesgesundheitsministerium senkt Zusatzbeitrag f\u00fcr 2019 auf 0,9 Prozent: AOK Nordost plant ihren Haushalt damit bereits im 5. Jahr in Folge"},"content":{"rendered":"<p>Potsdam\/Berlin\/Schwerin (ots) &#8211; Das Bundesgesundheitsministerium  hat den durchschnittlichen Zusatzbeitrag f\u00fcr das Jahr 2019  ver\u00f6ffentlicht. Entsprechend der k\u00fcrzlichen Sch\u00e4tzerkreis-Prognose  wird der Zusatzbeitrag um 0,1 Prozentpunkte auf 0,9 Prozent gesenkt.<!--more-->  Der Durchschnittsbeitrag in der gesetzlichen Krankenversicherung  inklusive des Zusatzbeitrages sinkt somit auf insgesamt 15,5 Prozent.      Der Beitragssatz liegt damit wieder auf dem niedrigsten Stand  seit der Einf\u00fchrung des kassenindividuellen Zusatzbeitrages im Jahr  2015 &#8211; seither bietet die AOK Nordost ihren Mitgliedern diesen  g\u00fcnstigen Beitragssatz von 15,5 Prozent an. Durch die  Wiedereinf\u00fchrung der parit\u00e4tischen Finanzierung des Zusatzbeitrages  werden die Mitglieder der AOK Nordost ab kommenden Januar zus\u00e4tzlich  profitieren. Der Zusatzbeitrag wird dann wieder zu gleichen Teilen  von Arbeitnehmern und Arbeitgebern bzw. von Rentnern und  Rentenversicherungstr\u00e4gern getragen.      Wie hoch die kassenindividuellen Zusatzbeitr\u00e4ge der Krankenkassen  ausfallen, entscheiden die jeweiligen Verwaltungsr\u00e4te mit dem  Haushaltsbeschluss. Bei der AOK Nordost wird der Haushaltsplan 2019  auf der Sitzung im Dezember beschlossen. AOK-Vorstand Frank Michalak  sagt dazu: &#8222;Um den Beitragssatz f\u00fcr unsere Mitglieder im 5. Jahr in  Folge konstant zu halten, werden wir uns trotz ausgabenintensiver  Reformvorhaben der Bundesregierung weiterhin f\u00fcr einen stabilen  Finanzkurs stark machen. Mit diesem Ziel planen wir aktuell unseren  Haushalt. Unsere Mitglieder k\u00f6nnen sich darauf verlassen: Die AOK  Nordost wird auch im n\u00e4chsten Jahr eine der g\u00fcnstigsten und  preisstabilsten Krankenkassen in der Region sein.&#8220;    Pressekontakt: Matthias Gabriel Pressesprecher AOK Nordost &#8211; Die Gesundheitskasse  Telefon: 0800 265080- 22202* presse@nordost.aok.de  http:\/\/www.aok.de\/nordost\/presse  Original-Content von: AOK Nordost, \u00fcbermittelt durch news aktuell<\/p>\n<p>Quelle: <a href=\"https:\/\/www.presseportal.de\/pm\/78431\/4100462\" target=\"_blank\">presseportal.de<\/a><\/p>\n","protected":false},"excerpt":{"rendered":"<p>Potsdam\/Berlin\/Schwerin (ots) &#8211; Das Bundesgesundheitsministerium hat den durchschnittlichen Zusatzbeitrag f\u00fcr das Jahr 2019 ver\u00f6ffentlicht. Entsprechend der k\u00fcrzlichen Sch\u00e4tzerkreis-Prognose wird der<\/p>\n","protected":false},"author":3,"featured_media":0,"comment_status":"open","ping_status":"open","sticky":false,"template":"","format":"standard","meta":{"colormag_page_container_layout":"default_layout","colormag_page_sidebar_layout":"default_layout","footnotes":""},"categories":[5],"tags":[],"class_list":["post-266143","post","type-post","status-publish","format-standard","hentry","category-politik-wirtschaft"],"_links":{"self":[{"href":"https:\/\/hier-luebeck.de\/index.php\/wp-json\/wp\/v2\/posts\/266143","targetHints":{"allow":["GET"]}}],"collection":[{"href":"https:\/\/hier-luebeck.de\/index.php\/wp-json\/wp\/v2\/posts"}],"about":[{"href":"https:\/\/hier-luebeck.de\/index.php\/wp-json\/wp\/v2\/types\/post"}],"author":[{"embeddable":true,"href":"https:\/\/hier-luebeck.de\/index.php\/wp-json\/wp\/v2\/users\/3"}],"replies":[{"embeddable":true,"href":"https:\/\/hier-luebeck.de\/index.php\/wp-json\/wp\/v2\/comments?post=266143"}],"version-history":[{"count":0,"href":"https:\/\/hier-luebeck.de\/index.php\/wp-json\/wp\/v2\/posts\/266143\/revisions"}],"wp:attachment":[{"href":"https:\/\/hier-luebeck.de\/index.php\/wp-json\/wp\/v2\/media?parent=266143"}],"wp:term":[{"taxonomy":"category","embeddable":true,"href":"https:\/\/hier-luebeck.de\/index.php\/wp-json\/wp\/v2\/categories?post=266143"},{"taxonomy":"post_tag","embeddable":true,"href":"https:\/\/hier-luebeck.de\/index.php\/wp-json\/wp\/v2\/tags?post=266143"}],"curies":[{"name":"wp","href":"https:\/\/api.w.org\/{rel}","templated":true}]}}