{"id":266145,"date":"2018-10-29T10:29:00","date_gmt":"2018-10-29T10:29:00","guid":{"rendered":"http:\/\/www.hier-luebeck.de\/politik-wirtschaft\/fuer-lebendige-quartiere-brauchen-wir-das-engagement-der-privaten-pflegeeinrichtungen-cdu-landtagsabgeordnete-nicole-razavi-lobt-innovative-pflege-und-unterstuetzungsangebote-privater-traeger\/"},"modified":"2018-10-29T10:29:00","modified_gmt":"2018-10-29T10:29:00","slug":"fuer-lebendige-quartiere-brauchen-wir-das-engagement-der-privaten-pflegeeinrichtungen-cdu-landtagsabgeordnete-nicole-razavi-lobt-innovative-pflege-und-unterstuetzungsangebote-privater-traeger","status":"publish","type":"post","link":"https:\/\/hier-luebeck.de\/index.php\/fuer-lebendige-quartiere-brauchen-wir-das-engagement-der-privaten-pflegeeinrichtungen-cdu-landtagsabgeordnete-nicole-razavi-lobt-innovative-pflege-und-unterstuetzungsangebote-privater-traeger\/","title":{"rendered":"&#8222;F\u00fcr lebendige Quartiere brauchen wir das Engagement der privaten Pflegeeinrichtungen&#8220; \/ CDU-Landtagsabgeordnete Nicole Razavi lobt innovative Pflege- und Unterst\u00fctzungsangebote privater Tr\u00e4ger"},"content":{"rendered":"<p>Stuttgart (ots) &#8211; F\u00fcr die baden-w\u00fcrttembergische  Landtagsabgeordnete und stellvertretende Vorsitzende der  CDU-Landtagsfraktion Nicole Razavi stand nach einem Praxistag in  Pflegeunternehmen in B\u00f6hmenkirch au\u00dfer Frage, dass f\u00fcr die  Entwicklung und Gestaltung von lebendigen Quartieren das Engagement  von privaten Pflegeeinrichtungen notwendig ist.<!--more--> In der Tagespflege  B\u00f6hmenkirch der Mobilen Hilfe Kuchen und beim ambulanten Pflegedienst Mirijam Care B\u00f6hmenkirch &#8211; beide sind Mitglieder im Bundesverband  privater Anbieter sozialer Dienste e. V. (bpa) &#8211; hatte sich die  CDU-Politikerin gut miteinander verzahnte Versorgungsstrukturen f\u00fcr  pflegebed\u00fcrftige Menschen angesehen.     Der demografische und gesellschaftliche Wandel erfordere eine  innovative Struktur des Zusammenlebens in Baden-W\u00fcrttemberg, betonte  Razavi. Das Land gestalte diesen Prozess mit dem Projekt &#8222;Quartier  2020&#8220; und setze dabei auch auf die Ideen der privaten Tr\u00e4ger. &#8222;Ich  bin froh, dass gerade im l\u00e4ndlichen Raum Unterst\u00fctzungs- und  Pflegeangebote f\u00fcr hilfebed\u00fcrftige Menschen verf\u00fcgbar sind. Das  stellen auch private Pflegedienste und Pflegeeinrichtungen sicher&#8220;,  so die Landtagsabgeordnete.     Der Bundesverband privater Anbieter sozialer Dienste e. V. (bpa)  bildet mit mehr als 10.000 aktiven Mitgliedseinrichtungen (davon \u00fcber 1.000 in Baden-W\u00fcrttemberg) die gr\u00f6\u00dfte Interessenvertretung privater  Anbieter sozialer Dienstleistungen in Deutschland. Einrichtungen der  ambulanten und (teil-)station\u00e4ren Pflege, der Behindertenhilfe und  der Kinder- und Jugendhilfe in privater Tr\u00e4gerschaft sind im bpa  organisiert. Die Mitglieder des bpa tragen die Verantwortung f\u00fcr rund 305.000 Arbeitspl\u00e4tze und circa 23.000 Ausbildungspl\u00e4tze (siehe  www.youngpropflege.de oder auch www.facebook.com\/Youngpropflege). Das investierte Kapital liegt bei etwa 24,2 Milliarden Euro.    Pressekontakt: F\u00fcr R\u00fcckfragen: Stefan Kraft, Leiter der bpa-Landesgesch\u00e4ftsstelle,  Tel.: 0711\/960 49 60, www.bpa.de  Original-Content von: bpa &#8211; Bundesverband privater Anbieter sozialer Dienste e.V., \u00fcbermittelt durch news aktuell<\/p>\n<p>Quelle: <a href=\"https:\/\/www.presseportal.de\/pm\/17920\/4100424\" target=\"_blank\">presseportal.de<\/a><\/p>\n","protected":false},"excerpt":{"rendered":"<p>Stuttgart (ots) &#8211; F\u00fcr die baden-w\u00fcrttembergische Landtagsabgeordnete und stellvertretende Vorsitzende der CDU-Landtagsfraktion Nicole Razavi stand nach einem Praxistag in Pflegeunternehmen<\/p>\n","protected":false},"author":3,"featured_media":0,"comment_status":"open","ping_status":"open","sticky":false,"template":"","format":"standard","meta":{"colormag_page_container_layout":"default_layout","colormag_page_sidebar_layout":"default_layout","footnotes":""},"categories":[5],"tags":[],"class_list":["post-266145","post","type-post","status-publish","format-standard","hentry","category-politik-wirtschaft"],"_links":{"self":[{"href":"https:\/\/hier-luebeck.de\/index.php\/wp-json\/wp\/v2\/posts\/266145","targetHints":{"allow":["GET"]}}],"collection":[{"href":"https:\/\/hier-luebeck.de\/index.php\/wp-json\/wp\/v2\/posts"}],"about":[{"href":"https:\/\/hier-luebeck.de\/index.php\/wp-json\/wp\/v2\/types\/post"}],"author":[{"embeddable":true,"href":"https:\/\/hier-luebeck.de\/index.php\/wp-json\/wp\/v2\/users\/3"}],"replies":[{"embeddable":true,"href":"https:\/\/hier-luebeck.de\/index.php\/wp-json\/wp\/v2\/comments?post=266145"}],"version-history":[{"count":0,"href":"https:\/\/hier-luebeck.de\/index.php\/wp-json\/wp\/v2\/posts\/266145\/revisions"}],"wp:attachment":[{"href":"https:\/\/hier-luebeck.de\/index.php\/wp-json\/wp\/v2\/media?parent=266145"}],"wp:term":[{"taxonomy":"category","embeddable":true,"href":"https:\/\/hier-luebeck.de\/index.php\/wp-json\/wp\/v2\/categories?post=266145"},{"taxonomy":"post_tag","embeddable":true,"href":"https:\/\/hier-luebeck.de\/index.php\/wp-json\/wp\/v2\/tags?post=266145"}],"curies":[{"name":"wp","href":"https:\/\/api.w.org\/{rel}","templated":true}]}}