{"id":266147,"date":"2018-10-29T08:25:50","date_gmt":"2018-10-29T08:25:50","guid":{"rendered":"http:\/\/www.hier-luebeck.de\/politik-wirtschaft\/kuehnert-fordert-entscheidung-ueber-verbleib-in-groko\/"},"modified":"2018-10-29T08:25:50","modified_gmt":"2018-10-29T08:25:50","slug":"kuehnert-fordert-entscheidung-ueber-verbleib-in-groko","status":"publish","type":"post","link":"https:\/\/hier-luebeck.de\/index.php\/kuehnert-fordert-entscheidung-ueber-verbleib-in-groko\/","title":{"rendered":"K\u00fchnert fordert Entscheidung \u00fcber Verbleib in GroKo"},"content":{"rendered":"<p>Berlin (ots) &#8211; Juso-Chef Kevin K\u00fchnert hat eine baldige  Entscheidung \u00fcber die Fortsetzung der Gro\u00dfen Koalition im Bund  gefordert.     K\u00fchnert sagte am Montag im Inforadio vom rbb, die Arbeit der  Bundesregierung d\u00fcrfe nicht erst  &#8211; wie von Parteichefin Andrea  Nahles vorgeschlagen &#8211; zur Halbzeit der Wahlperiode bewertet werden.  Das dauere ihm &#8222;entschieden zu lang&#8220;.<!--more-->     &#8222;Diese Koalition hat nicht noch ein ganzes Jahr Zeit, (&#8230;) um  unter Beweis zu stellen, dass die Zusammenarbeit funktioniert. Wir  m\u00fcssen jetzt mal zu einer Beschleunigung von Verfahren kommen, weil  diese l\u00e4hmende Tr\u00e4gheit in der Gro\u00dfen Koalition ist im Moment das  Problem. (&#8230;) Die Antwort darauf kann nicht sein, wir sprechen uns  nochmal in einem Jahr.&#8220;    Pressekontakt: Rundfunk Berlin-Brandenburg Inforadio Chef \/ Chefin vom Dienst Tel.: 030 &#8211; 97993 &#8211; 37400 Mail: info@inforadio.de  Original-Content von: Rundfunk Berlin-Brandenburg (rbb), \u00fcbermittelt durch news aktuell<\/p>\n<p>Quelle: <a href=\"https:\/\/www.presseportal.de\/pm\/51580\/4100236\" target=\"_blank\">presseportal.de<\/a><\/p>\n","protected":false},"excerpt":{"rendered":"<p>Berlin (ots) &#8211; Juso-Chef Kevin K\u00fchnert hat eine baldige Entscheidung \u00fcber die Fortsetzung der Gro\u00dfen Koalition im Bund gefordert. K\u00fchnert<\/p>\n","protected":false},"author":3,"featured_media":0,"comment_status":"open","ping_status":"open","sticky":false,"template":"","format":"standard","meta":{"colormag_page_container_layout":"default_layout","colormag_page_sidebar_layout":"default_layout","footnotes":""},"categories":[5],"tags":[],"class_list":["post-266147","post","type-post","status-publish","format-standard","hentry","category-politik-wirtschaft"],"_links":{"self":[{"href":"https:\/\/hier-luebeck.de\/index.php\/wp-json\/wp\/v2\/posts\/266147","targetHints":{"allow":["GET"]}}],"collection":[{"href":"https:\/\/hier-luebeck.de\/index.php\/wp-json\/wp\/v2\/posts"}],"about":[{"href":"https:\/\/hier-luebeck.de\/index.php\/wp-json\/wp\/v2\/types\/post"}],"author":[{"embeddable":true,"href":"https:\/\/hier-luebeck.de\/index.php\/wp-json\/wp\/v2\/users\/3"}],"replies":[{"embeddable":true,"href":"https:\/\/hier-luebeck.de\/index.php\/wp-json\/wp\/v2\/comments?post=266147"}],"version-history":[{"count":0,"href":"https:\/\/hier-luebeck.de\/index.php\/wp-json\/wp\/v2\/posts\/266147\/revisions"}],"wp:attachment":[{"href":"https:\/\/hier-luebeck.de\/index.php\/wp-json\/wp\/v2\/media?parent=266147"}],"wp:term":[{"taxonomy":"category","embeddable":true,"href":"https:\/\/hier-luebeck.de\/index.php\/wp-json\/wp\/v2\/categories?post=266147"},{"taxonomy":"post_tag","embeddable":true,"href":"https:\/\/hier-luebeck.de\/index.php\/wp-json\/wp\/v2\/tags?post=266147"}],"curies":[{"name":"wp","href":"https:\/\/api.w.org\/{rel}","templated":true}]}}