{"id":266155,"date":"2018-10-29T23:08:27","date_gmt":"2018-10-29T22:08:27","guid":{"rendered":"http:\/\/www.hier-luebeck.de\/?p=266155"},"modified":"2018-10-29T23:30:03","modified_gmt":"2018-10-29T22:30:03","slug":"ostsee-3-heute","status":"publish","type":"post","link":"https:\/\/hier-luebeck.de\/index.php\/ostsee-3-heute\/","title":{"rendered":"Ostsee heute"},"content":{"rendered":"<p><a href=\"http:\/\/www.tbf-presseagentur.de\/cgi-bin\/thumbpage\/thumbpage.cgi?luebeck\/today\/10Oktober18\/bilder\/Ostsee\" target=\"_blank\"><strong><span style=\"color: red;\">\u201cZum Bilderbogen\u201d<\/span><\/strong><\/a><\/p>\n<p><strong><a href=\"http:\/\/www.hier-luebeck.de\/wp-content\/uploads\/2018\/10\/tbf291018_Ostsee-3-heute_Halenza_0008.jpg\"><img loading=\"lazy\" decoding=\"async\" class=\"alignleft wp-image-266169\" src=\"http:\/\/www.hier-luebeck.de\/wp-content\/uploads\/2018\/10\/tbf291018_Ostsee-3-heute_Halenza_0008-550x413.jpg\" alt=\"tbf291018_Ostsee 3 heute_Halenza_0008\" width=\"477\" height=\"358\" srcset=\"https:\/\/hier-luebeck.de\/wp-content\/uploads\/2018\/10\/tbf291018_Ostsee-3-heute_Halenza_0008-550x413.jpg 550w, https:\/\/hier-luebeck.de\/wp-content\/uploads\/2018\/10\/tbf291018_Ostsee-3-heute_Halenza_0008-320x240.jpg 320w, https:\/\/hier-luebeck.de\/wp-content\/uploads\/2018\/10\/tbf291018_Ostsee-3-heute_Halenza_0008.jpg 640w\" sizes=\"auto, (max-width: 477px) 100vw, 477px\" \/><\/a>Fotos: TBF\/Falk Halenza<\/strong> \u00b7 Unser Hobby-Fotograf Falk fragte sich, wie sieht es eigentlich z.Zt. in Travem\u00fcnde aus? Und er machte sich auf den Weg und scho\u00df ein paar nette Aufnahmen von der Ostsee, die jetzt, bei den herbstlichen St\u00fcrmen beginnt, \u00fcber die Ufer zu treten. <!--more--><\/p>\n","protected":false},"excerpt":{"rendered":"<p>\u201cZum Bilderbogen\u201d Fotos: TBF\/Falk Halenza \u00b7 Unser Hobby-Fotograf Falk fragte sich, wie sieht es eigentlich z.Zt. in Travem\u00fcnde aus? Und<\/p>\n","protected":false},"author":3,"featured_media":266169,"comment_status":"open","ping_status":"open","sticky":false,"template":"","format":"standard","meta":{"colormag_page_container_layout":"default_layout","colormag_page_sidebar_layout":"default_layout","footnotes":""},"categories":[5],"tags":[20530],"class_list":["post-266155","post","type-post","status-publish","format-standard","has-post-thumbnail","hentry","category-politik-wirtschaft","tag-ostsee-heute"],"_links":{"self":[{"href":"https:\/\/hier-luebeck.de\/index.php\/wp-json\/wp\/v2\/posts\/266155","targetHints":{"allow":["GET"]}}],"collection":[{"href":"https:\/\/hier-luebeck.de\/index.php\/wp-json\/wp\/v2\/posts"}],"about":[{"href":"https:\/\/hier-luebeck.de\/index.php\/wp-json\/wp\/v2\/types\/post"}],"author":[{"embeddable":true,"href":"https:\/\/hier-luebeck.de\/index.php\/wp-json\/wp\/v2\/users\/3"}],"replies":[{"embeddable":true,"href":"https:\/\/hier-luebeck.de\/index.php\/wp-json\/wp\/v2\/comments?post=266155"}],"version-history":[{"count":3,"href":"https:\/\/hier-luebeck.de\/index.php\/wp-json\/wp\/v2\/posts\/266155\/revisions"}],"predecessor-version":[{"id":266171,"href":"https:\/\/hier-luebeck.de\/index.php\/wp-json\/wp\/v2\/posts\/266155\/revisions\/266171"}],"wp:featuredmedia":[{"embeddable":true,"href":"https:\/\/hier-luebeck.de\/index.php\/wp-json\/wp\/v2\/media\/266169"}],"wp:attachment":[{"href":"https:\/\/hier-luebeck.de\/index.php\/wp-json\/wp\/v2\/media?parent=266155"}],"wp:term":[{"taxonomy":"category","embeddable":true,"href":"https:\/\/hier-luebeck.de\/index.php\/wp-json\/wp\/v2\/categories?post=266155"},{"taxonomy":"post_tag","embeddable":true,"href":"https:\/\/hier-luebeck.de\/index.php\/wp-json\/wp\/v2\/tags?post=266155"}],"curies":[{"name":"wp","href":"https:\/\/api.w.org\/{rel}","templated":true}]}}