{"id":266206,"date":"2018-10-29T23:45:40","date_gmt":"2018-10-29T22:45:40","guid":{"rendered":"http:\/\/www.hier-luebeck.de\/?p=266206"},"modified":"2018-10-29T23:45:40","modified_gmt":"2018-10-29T22:45:40","slug":"mike-dees-original-kultshow-3","status":"publish","type":"post","link":"https:\/\/hier-luebeck.de\/index.php\/mike-dees-original-kultshow-3\/","title":{"rendered":"\u201eMike Dee\u2019s Original Kultshow\u201c"},"content":{"rendered":"<p><a href=\"http:\/\/www.tbf-presseagentur.de\/cgi-bin\/thumbpage\/thumbpage.cgi?luebeck\/today\/10Oktober18\/bilder\/MikeDee\" target=\"_blank\"><strong><span style=\"color: red;\">\u201cZum Bilderbogen\u201d<\/span><\/strong><\/a><\/p>\n<p><a href=\"http:\/\/www.hier-luebeck.de\/wp-content\/uploads\/2018\/10\/tbf281018_MikeDee_Kasnitz_0003.jpg\"><img loading=\"lazy\" decoding=\"async\" class=\" wp-image-266209 alignright\" src=\"http:\/\/www.hier-luebeck.de\/wp-content\/uploads\/2018\/10\/tbf281018_MikeDee_Kasnitz_0003-550x388.jpg\" alt=\"tbf281018_MikeDee_Kasnitz_0003\" width=\"493\" height=\"348\" srcset=\"https:\/\/hier-luebeck.de\/wp-content\/uploads\/2018\/10\/tbf281018_MikeDee_Kasnitz_0003.jpg 550w, https:\/\/hier-luebeck.de\/wp-content\/uploads\/2018\/10\/tbf281018_MikeDee_Kasnitz_0003-320x226.jpg 320w\" sizes=\"auto, (max-width: 493px) 100vw, 493px\" \/><\/a>\u201eMike Dee\u2019s Original Kultshow\u201c\u00a0 (das gro\u00dfe Show- &amp; Tanzvergn\u00fcgen) In der Nacht von Samstag auf Sonntag 27.\/28. Oktober 2018 tobte im Kr\u00f6ger\u2019s Gasthaus in Hamburg-Lemsahl der B\u00e4r, denn \u201eMike Dee\u2019s Original Kultshow\u201c gastierte dort erneut. Schon mehr als 28 Jahre pr\u00e4sentiert der L\u00fcbecker Moderator Mike Dee seine eigene Live-Musik-Show, die sich gro\u00dfer Beliebtheit bei Jung und Alt erfreut, erfolgreich in ganz Norddeutschland und machte nun Station in Hamburg.<!--more-->Selbst aus dem 527 Km entfernten Breda in den Niederlanden (wir sagen Holland), kamen eine stattliche Anzahl Musikfreunde angereist. Die S\u00e4ngerin Tina van Beeck kam mit ihrem Ehemann, ihrem Vater und 6 Freunden, worunter auch der ehemalige S\u00e4nger Ben Benson war, der die Show privat als Gast genoss.\u00a0 Tina van Beeck pr\u00e4sentierte niederl\u00e4ndische und internationale Songs.<\/p>\n<p>Den Stimmungssong \u201cIk Ben Met Jou Niet Getrouwd\u201c (Ich Bin Mit Dir Nicht Getraut \u2013 verheiratet), musste sie mehrmals in der Nacht singen und das Publikum tanzte und sang fr\u00f6hlich mit. Als \u00dcberraschung sang sie den deutschen Titel von Helene Fischer \u201e Nur Wer Den Wahnsinn Liebt\u201c, der mit ihrem Akzent besonders sympathisch klang.<\/p>\n<p>Ome Piet, sang den Titel \u201eJenny, Jenny\u201c und bekannte holl\u00e4ndische Stimmungslieder.<\/p>\n<p>Jan Hayston bereicherte mit seinen Cliff Richards und Country-Songs den Abend.<\/p>\n<p>Aus seiner Longplay-CD sang er die passenden Titel \u201cAb Ins Wochenende\u201c und \u201cDu Machst Mir Gute Laune\u201c.<\/p>\n<p>Es wurde reichlich getanzt, mitgesungen und applaudiert.<\/p>\n<p>Schlager und Pop gab es von Nina la-Vida. \u201cSchuld War Nur Der Bossanova\u201c. Sie spielte schon die PYROMELLA bei TABALUGA. Ihr aktueller Titel \u201eLa Vida\u201c kam beim Publikum super an und brachte Urlaubsstimmung.<\/p>\n<p>Dann erschien der \u00dcberraschungsgast des Abends: Barry Lane, gerade von einer Konzertreise und Musikaufnahmen aus Rum\u00e4nien zur\u00fcckgekehrt, pr\u00e4sentierte er den Song \u201cJourney To The Moon\u201c. Dieser von ihm geschriebene Titel aus dem Jahr 1986 kam jetzt als 2018er Remake u.a. von ZYX Music auf den europ\u00e4ischen Markt. Ebenfalls neu aufgenommen, hat Barry Lane erneut ein Lied aus dem Repertoire von Roy Black zeitgem\u00e4\u00df arrangiert: \u201cIn Japan Geht Die Sonne Auf\u201c, welches in dieser Version auch guten Anklang bei der Partygesellschaft fand! Im Jahr 2011 stellte Barry Lane seine CD \u201cIch Denk An Dich, Roy !\u201c in Mike Dee\u2019s ORIGINAL KULTSHOW\u201c vor. Barrys Tochter Belinda (21) fand den Abend sehr am\u00fcsant und freute sich, mit ihrem Vater einen so tollen Abend verbringen zu k\u00f6nnen.<\/p>\n<p>Der S\u00e4nger und Tontechniker Marco Riccardo wurde w\u00e4hrend der Veranstaltung besonders gelobt. Es gab von ihm noch bis in den fr\u00fchen Morgen flotte Tanz-Musik vom Plattenteller.<br \/>\nEin alter Freund von Mike Dee, der italienische S\u00e4nger Tony Mazara, verweilte den ganzen Abend im Kr\u00f6ger\u2019s Gasthaus und lauschte den Kl\u00e4ngen seiner Kollegen.<br \/>\nAuch im n\u00e4chsten Jahr wird diese beliebte Show wieder im Kr\u00f6ger\u00b4s Gasthaus zu erleben sein!<\/p>\n<p>Infos gibt es unter: <a href=\"http:\/\/www.mike-dee.de\">www.mike-dee.de<\/a> \u00a0und <a href=\"http:\/\/www.kroegers-gasthaus.de\/\">www.kroegers-gasthaus.de<\/a><\/p>\n<p>&nbsp;<\/p>\n<p>Fotos und Text: Holger Kasnitz<\/p>\n","protected":false},"excerpt":{"rendered":"<p>\u201cZum Bilderbogen\u201d \u201eMike Dee\u2019s Original Kultshow\u201c\u00a0 (das gro\u00dfe Show- &amp; Tanzvergn\u00fcgen) In der Nacht von Samstag auf Sonntag 27.\/28. Oktober<\/p>\n","protected":false},"author":3,"featured_media":266209,"comment_status":"open","ping_status":"open","sticky":false,"template":"","format":"standard","meta":{"colormag_page_container_layout":"default_layout","colormag_page_sidebar_layout":"default_layout","footnotes":""},"categories":[5],"tags":[18608],"class_list":["post-266206","post","type-post","status-publish","format-standard","has-post-thumbnail","hentry","category-politik-wirtschaft","tag-mike-dees-original-kultshow"],"_links":{"self":[{"href":"https:\/\/hier-luebeck.de\/index.php\/wp-json\/wp\/v2\/posts\/266206","targetHints":{"allow":["GET"]}}],"collection":[{"href":"https:\/\/hier-luebeck.de\/index.php\/wp-json\/wp\/v2\/posts"}],"about":[{"href":"https:\/\/hier-luebeck.de\/index.php\/wp-json\/wp\/v2\/types\/post"}],"author":[{"embeddable":true,"href":"https:\/\/hier-luebeck.de\/index.php\/wp-json\/wp\/v2\/users\/3"}],"replies":[{"embeddable":true,"href":"https:\/\/hier-luebeck.de\/index.php\/wp-json\/wp\/v2\/comments?post=266206"}],"version-history":[{"count":1,"href":"https:\/\/hier-luebeck.de\/index.php\/wp-json\/wp\/v2\/posts\/266206\/revisions"}],"predecessor-version":[{"id":266226,"href":"https:\/\/hier-luebeck.de\/index.php\/wp-json\/wp\/v2\/posts\/266206\/revisions\/266226"}],"wp:featuredmedia":[{"embeddable":true,"href":"https:\/\/hier-luebeck.de\/index.php\/wp-json\/wp\/v2\/media\/266209"}],"wp:attachment":[{"href":"https:\/\/hier-luebeck.de\/index.php\/wp-json\/wp\/v2\/media?parent=266206"}],"wp:term":[{"taxonomy":"category","embeddable":true,"href":"https:\/\/hier-luebeck.de\/index.php\/wp-json\/wp\/v2\/categories?post=266206"},{"taxonomy":"post_tag","embeddable":true,"href":"https:\/\/hier-luebeck.de\/index.php\/wp-json\/wp\/v2\/tags?post=266206"}],"curies":[{"name":"wp","href":"https:\/\/api.w.org\/{rel}","templated":true}]}}