{"id":266256,"date":"2018-10-30T08:58:14","date_gmt":"2018-10-30T08:58:14","guid":{"rendered":"http:\/\/www.hier-luebeck.de\/politik-wirtschaft\/rbb-exklusiv-mohring-sieht-cdu-vor-einmaliger-chance\/"},"modified":"2018-10-30T08:58:14","modified_gmt":"2018-10-30T08:58:14","slug":"rbb-exklusiv-mohring-sieht-cdu-vor-einmaliger-chance","status":"publish","type":"post","link":"https:\/\/hier-luebeck.de\/index.php\/rbb-exklusiv-mohring-sieht-cdu-vor-einmaliger-chance\/","title":{"rendered":"rbb exklusiv: Mohring sieht CDU vor einmaliger Chance"},"content":{"rendered":"<p>Berlin (ots) &#8211; Angesichts des angek\u00fcndigten R\u00fcckzugs von  Bundeskanzlerin Angela Merkel als CDU-Chefin sieht der Th\u00fcringer  Vorsitzende der Christdemokraten Mike Mohring seine Partei vor einer  einmaligen Chance.     Merkels Entscheidung gebe der CDU einen Spielraum, in Ruhe \u00fcber  ihr Profil nachzudenken, sagte Mohring am Dienstag im Inforadio vom  rbb.<!--more-->     Zudem k\u00f6nne man nun schauen, mit welcher Person an der Spitze sie  am besten ihren Status als Volkspartei zur\u00fcck gewinnen k\u00f6nne.     &#8222;Wir leiden doch als Volksparteien darunter, dass wir nach links  und rechts verloren haben. Wenn wir diese W\u00e4hler auf beiden Seiten  wieder zur\u00fcck gewinnen wollen, dann kann es nicht um eine  Richtungsentscheidung gehen sondern darum, wer am besten  Bindungskr\u00e4fte entfalten kann, die die Volkspartei braucht, damit sie als Br\u00fcckenbauer die Spaltung der Gesellschaft \u00fcberwinden kann.&#8220;    Pressekontakt: Rundfunk Berlin- Brandenburg INFOradio Chef \/ Chefin vom Dienst Tel.: 030 &#8211; 97993 &#8211; 37400 Mail: info@inforadio.de  Original-Content von: Rundfunk Berlin-Brandenburg (rbb), \u00fcbermittelt durch news aktuell<\/p>\n<p>Quelle: <a href=\"https:\/\/www.presseportal.de\/pm\/51580\/4101543\" target=\"_blank\">presseportal.de<\/a><\/p>\n","protected":false},"excerpt":{"rendered":"<p>Berlin (ots) &#8211; Angesichts des angek\u00fcndigten R\u00fcckzugs von Bundeskanzlerin Angela Merkel als CDU-Chefin sieht der Th\u00fcringer Vorsitzende der Christdemokraten Mike<\/p>\n","protected":false},"author":3,"featured_media":0,"comment_status":"open","ping_status":"open","sticky":false,"template":"","format":"standard","meta":{"colormag_page_container_layout":"default_layout","colormag_page_sidebar_layout":"default_layout","footnotes":""},"categories":[5],"tags":[],"class_list":["post-266256","post","type-post","status-publish","format-standard","hentry","category-politik-wirtschaft"],"_links":{"self":[{"href":"https:\/\/hier-luebeck.de\/index.php\/wp-json\/wp\/v2\/posts\/266256","targetHints":{"allow":["GET"]}}],"collection":[{"href":"https:\/\/hier-luebeck.de\/index.php\/wp-json\/wp\/v2\/posts"}],"about":[{"href":"https:\/\/hier-luebeck.de\/index.php\/wp-json\/wp\/v2\/types\/post"}],"author":[{"embeddable":true,"href":"https:\/\/hier-luebeck.de\/index.php\/wp-json\/wp\/v2\/users\/3"}],"replies":[{"embeddable":true,"href":"https:\/\/hier-luebeck.de\/index.php\/wp-json\/wp\/v2\/comments?post=266256"}],"version-history":[{"count":0,"href":"https:\/\/hier-luebeck.de\/index.php\/wp-json\/wp\/v2\/posts\/266256\/revisions"}],"wp:attachment":[{"href":"https:\/\/hier-luebeck.de\/index.php\/wp-json\/wp\/v2\/media?parent=266256"}],"wp:term":[{"taxonomy":"category","embeddable":true,"href":"https:\/\/hier-luebeck.de\/index.php\/wp-json\/wp\/v2\/categories?post=266256"},{"taxonomy":"post_tag","embeddable":true,"href":"https:\/\/hier-luebeck.de\/index.php\/wp-json\/wp\/v2\/tags?post=266256"}],"curies":[{"name":"wp","href":"https:\/\/api.w.org\/{rel}","templated":true}]}}