{"id":26647,"date":"2010-12-29T11:18:36","date_gmt":"2010-12-29T10:18:36","guid":{"rendered":"http:\/\/www.hier-luebeck.de\/?p=26647"},"modified":"2010-12-29T11:18:36","modified_gmt":"2010-12-29T10:18:36","slug":"mvp-tourismus-2010-seidel-mv-auf-dem-richtigen-kurs","status":"publish","type":"post","link":"https:\/\/hier-luebeck.de\/index.php\/mvp-tourismus-2010-seidel-mv-auf-dem-richtigen-kurs\/","title":{"rendered":"MVP: Tourismus 2010: Seidel: MV auf dem richtigen Kurs"},"content":{"rendered":"<p>F\u00fcr das Urlaubsland Mecklenburg-Vorpommern war 2010 trotz eines leichten R\u00fcckgangs bei den \u00dcbernachtungen ein gutes Jahr. \u201eDie Branche hat sich in Mecklenburg-Vorpommern als krisenfest erwiesen, in diesem Jahr wurden wichtige Weichen gestellt\u201c, sagte Wirtschaftsminister J\u00fcrgen Seidel am Mittwoch in Schwerin.\u00a0 \u201eMehreinnahmen aus der Mehrwertsteuersenkung wurden investiert und die Tarifparteien haben sich auf eine deutliche Anhebung in der Ausbildungsverg\u00fctung und bei den unteren Lohngruppen verst\u00e4ndigt\u201c, sagte Seidel. \u201eDer Ausbau der touristischen Infrastruktur und des Angebots bleibt ein wichtiger Schwerpunkt in der Wirtschaftsf\u00f6rderung, bei neuen Projekten werden zus\u00e4tzliche Bettenkapazit\u00e4ten nicht mehr gef\u00f6rdert.\u201c Derzeit sind in den gewerblichen Betrieben zwischen Ahlbeck und Zarrentin etwa 178.000 Betten am Markt.<!--more-->Der Tourismusverband Mecklenburg-Vorpommern rechnet mit etwa 27,6 Millionen \u00dcbernachtungen f\u00fcr das laufende Jahr, was nach dem Rekordjahr 2009 das zweitbeste Ergebnis seit 1990 ist. In der Bewertung durch die G\u00e4ste erreichte das Land 2010 Spitzenwerte. \u201eBesonders in den Segmenten Kinder- und Jugendreisen und beim Camping konnte Mecklenburg-Vorpommern weiter punkten\u201c, sagte Seidel. Mit 3,8 Millionen \u00dcbernachtungen wird MV voraussichtlich zum ersten Mal Spitzenreiter beim Camping unter den Bundesl\u00e4ndern. Bei Kinder- und Jugendreisen rechnen Experten mit 2,8 Millionen \u00dcbernachtungen und einem Zuwachs von rund f\u00fcnf Prozent.<\/p>\n<p>\u201eF\u00fcr 2011 w\u00e4re ein etwas k\u00fcrzerer Winter allerdings hilfreich um den Start in das Ferienjahr zu erleichtern\u201c, sagte Seidel. Die Schwerpunkte f\u00fcr Imagewerbung und Vermarktung liegen im Inland im kommenden Jahr im s\u00fcddeutschen, s\u00fcdwestdeutschen und im westdeutschen Raum. \u201eDie Gewinnung neuer Kunden steht hier im Vordergrund\u201c, sagte Seidel und verwies auf die verbesserte Anbindung des Landes \u00fcber die Flugh\u00e4fen in Rostock-Laage und Heringsdorf.<\/p>\n","protected":false},"excerpt":{"rendered":"<p>F\u00fcr das Urlaubsland Mecklenburg-Vorpommern war 2010 trotz eines leichten R\u00fcckgangs bei den \u00dcbernachtungen ein gutes Jahr. \u201eDie Branche hat sich<\/p>\n","protected":false},"author":3,"featured_media":0,"comment_status":"open","ping_status":"open","sticky":false,"template":"","format":"standard","meta":{"colormag_page_container_layout":"default_layout","colormag_page_sidebar_layout":"default_layout","footnotes":""},"categories":[5],"tags":[],"class_list":["post-26647","post","type-post","status-publish","format-standard","hentry","category-politik-wirtschaft"],"_links":{"self":[{"href":"https:\/\/hier-luebeck.de\/index.php\/wp-json\/wp\/v2\/posts\/26647","targetHints":{"allow":["GET"]}}],"collection":[{"href":"https:\/\/hier-luebeck.de\/index.php\/wp-json\/wp\/v2\/posts"}],"about":[{"href":"https:\/\/hier-luebeck.de\/index.php\/wp-json\/wp\/v2\/types\/post"}],"author":[{"embeddable":true,"href":"https:\/\/hier-luebeck.de\/index.php\/wp-json\/wp\/v2\/users\/3"}],"replies":[{"embeddable":true,"href":"https:\/\/hier-luebeck.de\/index.php\/wp-json\/wp\/v2\/comments?post=26647"}],"version-history":[{"count":0,"href":"https:\/\/hier-luebeck.de\/index.php\/wp-json\/wp\/v2\/posts\/26647\/revisions"}],"wp:attachment":[{"href":"https:\/\/hier-luebeck.de\/index.php\/wp-json\/wp\/v2\/media?parent=26647"}],"wp:term":[{"taxonomy":"category","embeddable":true,"href":"https:\/\/hier-luebeck.de\/index.php\/wp-json\/wp\/v2\/categories?post=26647"},{"taxonomy":"post_tag","embeddable":true,"href":"https:\/\/hier-luebeck.de\/index.php\/wp-json\/wp\/v2\/tags?post=26647"}],"curies":[{"name":"wp","href":"https:\/\/api.w.org\/{rel}","templated":true}]}}