{"id":267104,"date":"2018-11-12T10:40:39","date_gmt":"2018-11-12T10:40:39","guid":{"rendered":"http:\/\/www.hier-luebeck.de\/politik-wirtschaft\/dena-energiewende-kongress-bringt-weimarer-dreieck-nach-berlin\/"},"modified":"2018-11-12T10:40:39","modified_gmt":"2018-11-12T10:40:39","slug":"dena-energiewende-kongress-bringt-weimarer-dreieck-nach-berlin","status":"publish","type":"post","link":"https:\/\/hier-luebeck.de\/index.php\/dena-energiewende-kongress-bringt-weimarer-dreieck-nach-berlin\/","title":{"rendered":"dena Energiewende-Kongress bringt Weimarer Dreieck nach Berlin"},"content":{"rendered":"<p>Berlin (ots) &#8211;      &#8211; Polnischer Pr\u00e4sident der UN-Klimakonferenz diskutiert mit       Vertretern aus Frankreich und Deutschland    &#8211; Weitere Schwerpunkte: Strukturwandel, St\u00e4dte, Start-ups     Wenige Tage vor Beginn des UN-Klimagipfels (COP24) im polnischen  Katowice diskutiert der Konferenzpr\u00e4sident Michal Kurtyka am 26.  November in Berlin beim Energiewende-Kongress der Deutschen <!--more--> Energie-Agentur (dena) mit hochrangigen Vertreterinnen und Vertretern aus Frankreich und Deutschland. Der zweit\u00e4gige Kongress mit dem Motto &#8222;Kurs setzen Richtung 2030&#8220; bringt Expertinnen und Experten aus allen f\u00fcr die Energiewende relevanten Branchen sowie aus Politik,  Wissenschaft und Zivilgesellschaft zusammen. Die politischen  Keynote-Reden halten Michal Kurtyka, Bundeswirtschaftsminister Peter  Altmaier und Bundesumweltministerin Svenja Schulze.     Neben der europ\u00e4ischen Zusammenarbeit f\u00fcr Energiewende und  Klimaschutz stehen Themen wie Strukturwandel, St\u00e4dte,  Digitalisierung, Energieeffizienz und Energiewende von unten auf dem  Programm. Die Diskussion mit Michal Kurtyka findet am Abend des 26.  November statt. Teilnehmen werden Jochen Flasbarth, Staatssekret\u00e4r im Bundesumweltministerium, Arnaud Leroy, Pr\u00e4sident der franz\u00f6sischen  Energieagentur ADEME, Prof. Dr. Karen Pittel, Leiterin des ifo  Zentrums f\u00fcr Energie, Klima und Ressourcen und Andreas Kuhlmann,  Vorsitzender der dena-Gesch\u00e4ftsf\u00fchrung.     Der Kongressbeginn am 26. November steht ganz im Zeichen der  Strukturwandeldebatte und der Klimaschutzziele 2030. Die Auftaktrede  h\u00e4lt der britische Unternehmer und Berater Michael Liebreich,  Vorsitzender und CEO von Liebreich Associates. Danach diskutieren  Vertreterinnen und Vertreter der deutschen Wirtschaft und der  Bundestagsfraktionen \u00fcber die Ma\u00dfnahmen, die zum Erreichen der  Klimaziele erforderlich sind.     Auf dem Kongress verleiht die dena auch den Energy Efficiency  Award &#8211; die internationale Auszeichnung f\u00fcr herausragende  Energieeffizienzprojekte in Unternehmen. Au\u00dferdem stellen sich die  besten deutschen Gr\u00fcnderunternehmen aus der internationalen  Klimaschutzinitiative Start Up Energy Transition vor.     Weitere Informationen zum Programm und zur Anmeldung f\u00fcr den dena  Energiewende-Kongress am 26. und 27. November im bcc Berlin Congress  Center unter www.dena-kongress.de.     Hinweis f\u00fcr Redaktionen: F\u00fcr die Akkreditierung ist ein g\u00fcltiger  Presseausweis erforderlich. Weitere Informationen unter  www.dena-kongress.de\/anmeldung.    Pressekontakt: Deutsche Energie-Agentur GmbH (dena), Natalie Fechner, Chausseestra\u00dfe 128 a, 10115 Berlin Tel: +49 (0)30 66 777-848, Fax: +49 (0)30 66 777-699,  E-Mail: presse@dena.de, Internet: www.dena.de  Original-Content von: Deutsche Energie-Agentur GmbH (dena), \u00fcbermittelt durch news aktuell<\/p>\n<p>Quelle: <a href=\"https:\/\/www.presseportal.de\/pm\/43338\/4112631\" target=\"_blank\">presseportal.de<\/a><\/p>\n","protected":false},"excerpt":{"rendered":"<p>Berlin (ots) &#8211; &#8211; Polnischer Pr\u00e4sident der UN-Klimakonferenz diskutiert mit Vertretern aus Frankreich und Deutschland &#8211; Weitere Schwerpunkte: Strukturwandel, St\u00e4dte,<\/p>\n","protected":false},"author":3,"featured_media":0,"comment_status":"open","ping_status":"open","sticky":false,"template":"","format":"standard","meta":{"colormag_page_container_layout":"default_layout","colormag_page_sidebar_layout":"default_layout","footnotes":""},"categories":[5],"tags":[],"class_list":["post-267104","post","type-post","status-publish","format-standard","hentry","category-politik-wirtschaft"],"_links":{"self":[{"href":"https:\/\/hier-luebeck.de\/index.php\/wp-json\/wp\/v2\/posts\/267104","targetHints":{"allow":["GET"]}}],"collection":[{"href":"https:\/\/hier-luebeck.de\/index.php\/wp-json\/wp\/v2\/posts"}],"about":[{"href":"https:\/\/hier-luebeck.de\/index.php\/wp-json\/wp\/v2\/types\/post"}],"author":[{"embeddable":true,"href":"https:\/\/hier-luebeck.de\/index.php\/wp-json\/wp\/v2\/users\/3"}],"replies":[{"embeddable":true,"href":"https:\/\/hier-luebeck.de\/index.php\/wp-json\/wp\/v2\/comments?post=267104"}],"version-history":[{"count":0,"href":"https:\/\/hier-luebeck.de\/index.php\/wp-json\/wp\/v2\/posts\/267104\/revisions"}],"wp:attachment":[{"href":"https:\/\/hier-luebeck.de\/index.php\/wp-json\/wp\/v2\/media?parent=267104"}],"wp:term":[{"taxonomy":"category","embeddable":true,"href":"https:\/\/hier-luebeck.de\/index.php\/wp-json\/wp\/v2\/categories?post=267104"},{"taxonomy":"post_tag","embeddable":true,"href":"https:\/\/hier-luebeck.de\/index.php\/wp-json\/wp\/v2\/tags?post=267104"}],"curies":[{"name":"wp","href":"https:\/\/api.w.org\/{rel}","templated":true}]}}