{"id":268759,"date":"2018-11-26T12:12:07","date_gmt":"2018-11-26T12:12:07","guid":{"rendered":"http:\/\/www.hier-luebeck.de\/politik-wirtschaft\/glaser-bisher-zeichneten-rund-80-000-buerger-petition-gegen-un-migrationspakt-tendenz-steigend\/"},"modified":"2018-11-26T12:12:07","modified_gmt":"2018-11-26T12:12:07","slug":"glaser-bisher-zeichneten-rund-80-000-buerger-petition-gegen-un-migrationspakt-tendenz-steigend","status":"publish","type":"post","link":"https:\/\/hier-luebeck.de\/index.php\/glaser-bisher-zeichneten-rund-80-000-buerger-petition-gegen-un-migrationspakt-tendenz-steigend\/","title":{"rendered":"Glaser: Bisher zeichneten rund 80.000 B\u00fcrger Petition gegen UN-Migrationspakt &#8211; Tendenz steigend"},"content":{"rendered":"<p>Berlin (ots) &#8211; Der stellvertretende AfD-Bundessprecher Albrecht  Glaser erkl\u00e4rt:     &#8222;Nach dem nun endlich der Petitionsausschuss des Deutschen  Bundestages die Petition 85565 &#8218;Vereinte Nationen (UNO) &#8211; Global  Compact for Migration&#8216; vom 1. November 2018 gegen die Zeichnung des  UN-Migrationspaktes auf seiner Internetseite ver\u00f6ffentlicht hat &#8211;  wof\u00fcr wir wochenlang wenn nicht monatelange <!--more-->geworben hatten -, k\u00f6nnen die B\u00fcrger die Petition unterst\u00fctzen. Im Durchschnitt tragen sich  sage und schreibe 2.000 bis 2.500 B\u00fcrger mit ihren pers\u00f6nlichen Daten auf der Internetseite http:\/\/ots.de\/lEiByb  ein und warten darauf,  dass der Petitionsausschuss ihre Eingaben best\u00e4tigt.     Bis Montagmittag unterst\u00fctzten rund 80.000 B\u00fcrger die Petition  85565. Das n\u00f6tige Quorum von 50.000 Mitzeichnern wurde l\u00e4ngst  \u00fcberschritten. Ein ph\u00e4nomenaler Erfolg der Alternative f\u00fcr  Deutschland und ihrer Kampagne www.migrationspakt-stoppen.de.     Denn eine v\u00f6lkerrechtliche und nationale rechtliche Figur eines  ,Migranten&#8216; gibt es derzeit nicht. Alle Menschen, die seit vielen  Jahren -jenseits einer geregelten Arbeitsmigration nach Regeln von  bilateralen Vertr\u00e4gen mit Nicht-EU-Staaten und jenseits der  EU-Freiz\u00fcgigkeit- nach Deutschland kommen, berufen sich dabei  entweder auf die Genfer Konvention oder auf das nationale Asylrecht  der Bundesrepublik nach Art. 16a GG. Ihr Rechtsstatus definiert sich  daher allein aus ihrer Stellung als Asyl- oder Schutzrechtbewerber.     In diesem Status stehen diesen Menschen im  ,Asylbewerberleistungsgesetz&#8216; geregelte Unterhaltsleistungen,  Krankenversorgungsleistungen usw. zu. Dies gilt qua lege nur f\u00fcr die  Zeit der Verfahrensdauer der Asylverfahren bzw. der Verfahren zur  Erlangung bestimmter Schutzrechte. Nach negativem Abschluss dieser  Verfahren sollte typischerweise die Abschiebung erfolgen, was  bekanntlich seit Jahrzehnten in Deutschland administrativ sabotiert  wird, mit der Folge, dass hunderttausende abgelehnte  ,Wirtschaftsfl\u00fcchtlinge&#8216; sich illegal oder mit einem speziellen  Aufenthaltsstatus &#8211; etwa einer sogenannten Duldung &#8211; im Inland  aufhalten. Ein Land wie die Niederlande verf\u00e4hrt g\u00e4nzlich anders, in  dem es abgelehnte Asylbewerber in Schutzhaft nimmt bis zu deren  freiwilligen Ausreise.&#8220;    Pressekontakt: pressestelle@afd.de Pressestelle Bundesvorstand Alternative f\u00fcr Deutschland  Schillstra\u00dfe 9 \/ 10785 Berlin  Original-Content von: AfD &#8211; Alternative f\u00fcr Deutschland, \u00fcbermittelt durch news aktuell<\/p>\n<p>Quelle: <a href=\"https:\/\/www.presseportal.de\/pm\/110332\/4125865\" target=\"_blank\">presseportal.de<\/a><\/p>\n","protected":false},"excerpt":{"rendered":"<p>Berlin (ots) &#8211; Der stellvertretende AfD-Bundessprecher Albrecht Glaser erkl\u00e4rt: &#8222;Nach dem nun endlich der Petitionsausschuss des Deutschen Bundestages die Petition<\/p>\n","protected":false},"author":3,"featured_media":0,"comment_status":"open","ping_status":"open","sticky":false,"template":"","format":"standard","meta":{"colormag_page_container_layout":"default_layout","colormag_page_sidebar_layout":"default_layout","footnotes":""},"categories":[5],"tags":[],"class_list":["post-268759","post","type-post","status-publish","format-standard","hentry","category-politik-wirtschaft"],"_links":{"self":[{"href":"https:\/\/hier-luebeck.de\/index.php\/wp-json\/wp\/v2\/posts\/268759","targetHints":{"allow":["GET"]}}],"collection":[{"href":"https:\/\/hier-luebeck.de\/index.php\/wp-json\/wp\/v2\/posts"}],"about":[{"href":"https:\/\/hier-luebeck.de\/index.php\/wp-json\/wp\/v2\/types\/post"}],"author":[{"embeddable":true,"href":"https:\/\/hier-luebeck.de\/index.php\/wp-json\/wp\/v2\/users\/3"}],"replies":[{"embeddable":true,"href":"https:\/\/hier-luebeck.de\/index.php\/wp-json\/wp\/v2\/comments?post=268759"}],"version-history":[{"count":0,"href":"https:\/\/hier-luebeck.de\/index.php\/wp-json\/wp\/v2\/posts\/268759\/revisions"}],"wp:attachment":[{"href":"https:\/\/hier-luebeck.de\/index.php\/wp-json\/wp\/v2\/media?parent=268759"}],"wp:term":[{"taxonomy":"category","embeddable":true,"href":"https:\/\/hier-luebeck.de\/index.php\/wp-json\/wp\/v2\/categories?post=268759"},{"taxonomy":"post_tag","embeddable":true,"href":"https:\/\/hier-luebeck.de\/index.php\/wp-json\/wp\/v2\/tags?post=268759"}],"curies":[{"name":"wp","href":"https:\/\/api.w.org\/{rel}","templated":true}]}}