{"id":268796,"date":"2018-11-26T15:25:21","date_gmt":"2018-11-26T15:25:21","guid":{"rendered":"http:\/\/www.hier-luebeck.de\/politik-wirtschaft\/ohoven-buerokratisches-grundsteuerkonzept-schadet-mittelstand\/"},"modified":"2018-11-26T15:25:21","modified_gmt":"2018-11-26T15:25:21","slug":"ohoven-buerokratisches-grundsteuerkonzept-schadet-mittelstand","status":"publish","type":"post","link":"https:\/\/hier-luebeck.de\/index.php\/ohoven-buerokratisches-grundsteuerkonzept-schadet-mittelstand\/","title":{"rendered":"Ohoven: B\u00fcrokratisches Grundsteuerkonzept schadet Mittelstand"},"content":{"rendered":"<p>Berlin (ots) &#8211; Zum heute bekannt gewordenen Grundsteuerkonzept des Bundesfinanzministeriums erkl\u00e4rt Mittelstandspr\u00e4sident Mario Ohoven:     &#8222;Das Grundsteuerkonzept des Bundesfinanzministeriums ist extrem  b\u00fcrokratisch, b\u00fcrdet Betrieben und Mietern neue Lasten und Kosten auf und schadet damit dem Mittelstand.<!--more--> W\u00e4hrend der  Bundeswirtschaftsminister seit langem von Steuererleichterungen f\u00fcr  die Wirtschaft spricht, drohen durch das Konzept des  Bundesfinanzministers dem Mittelstand neue Steuerbelastungen. Dazu  darf es im Sinne der Wettbewerbsf\u00e4higkeit nicht kommen.     Um eine schnelle, m\u00f6glichst unb\u00fcrokratische L\u00f6sung herbeizuf\u00fchren, ist ein Modell n\u00f6tig, das auf die vollst\u00e4ndige Neubewertung der  Grundst\u00fccke und Immobilien verzichtet. Aus unserer Sicht ist ein  statisches, werteunabh\u00e4ngiges Modell zu bevorzugen. Die Grundsteuer  entwickelt sich sonst zu einer Verm\u00f6gensteuer, die &#8211; weil sie nur  Grundst\u00fccke belastet und die Mieter trifft, die nur Nutzer sind &#8211;  verfassungsrechtlich untragbar w\u00e4re.     Au\u00dferdem sollte die Aufkommensneutralit\u00e4t der Neuregelung der  Grundsteuer im Mittelpunkt stehen, wie von den Finanzministern des  Bundes und der L\u00e4nder noch im Mai in Aussicht gestellt. Der  Mittelstand darf durch die Neuberechnung der Grundsteuer nicht  st\u00e4rker belastet werden als zuvor. Zus\u00e4tzlich d\u00fcrfen Mindereinnahmen  von Kommunen bei der Grundsteuer nicht zu deutlich h\u00f6heren Hebes\u00e4tze  der Grund- und\/oder Gewerbesteuer f\u00fchren.&#8220;    Pressekontakt: BVMW Pressesprecher Eberhard Vogt Tel.: 030 53320620 Mail: presse@bvmw.de  Original-Content von: BVMW, \u00fcbermittelt durch news aktuell<\/p>\n<p>Quelle: <a href=\"https:\/\/www.presseportal.de\/pm\/51921\/4126376\" target=\"_blank\">presseportal.de<\/a><\/p>\n","protected":false},"excerpt":{"rendered":"<p>Berlin (ots) &#8211; Zum heute bekannt gewordenen Grundsteuerkonzept des Bundesfinanzministeriums erkl\u00e4rt Mittelstandspr\u00e4sident Mario Ohoven: &#8222;Das Grundsteuerkonzept des Bundesfinanzministeriums ist extrem<\/p>\n","protected":false},"author":3,"featured_media":0,"comment_status":"open","ping_status":"open","sticky":false,"template":"","format":"standard","meta":{"colormag_page_container_layout":"default_layout","colormag_page_sidebar_layout":"default_layout","footnotes":""},"categories":[5],"tags":[],"class_list":["post-268796","post","type-post","status-publish","format-standard","hentry","category-politik-wirtschaft"],"_links":{"self":[{"href":"https:\/\/hier-luebeck.de\/index.php\/wp-json\/wp\/v2\/posts\/268796","targetHints":{"allow":["GET"]}}],"collection":[{"href":"https:\/\/hier-luebeck.de\/index.php\/wp-json\/wp\/v2\/posts"}],"about":[{"href":"https:\/\/hier-luebeck.de\/index.php\/wp-json\/wp\/v2\/types\/post"}],"author":[{"embeddable":true,"href":"https:\/\/hier-luebeck.de\/index.php\/wp-json\/wp\/v2\/users\/3"}],"replies":[{"embeddable":true,"href":"https:\/\/hier-luebeck.de\/index.php\/wp-json\/wp\/v2\/comments?post=268796"}],"version-history":[{"count":0,"href":"https:\/\/hier-luebeck.de\/index.php\/wp-json\/wp\/v2\/posts\/268796\/revisions"}],"wp:attachment":[{"href":"https:\/\/hier-luebeck.de\/index.php\/wp-json\/wp\/v2\/media?parent=268796"}],"wp:term":[{"taxonomy":"category","embeddable":true,"href":"https:\/\/hier-luebeck.de\/index.php\/wp-json\/wp\/v2\/categories?post=268796"},{"taxonomy":"post_tag","embeddable":true,"href":"https:\/\/hier-luebeck.de\/index.php\/wp-json\/wp\/v2\/tags?post=268796"}],"curies":[{"name":"wp","href":"https:\/\/api.w.org\/{rel}","templated":true}]}}