{"id":268910,"date":"2018-11-27T17:00:01","date_gmt":"2018-11-27T17:00:01","guid":{"rendered":"http:\/\/www.hier-luebeck.de\/politik-wirtschaft\/f24-ag-baut-europaeische-marktfuehrerschaft-durch-uebernahme-der-m-plify-s-a-aus\/"},"modified":"2018-11-27T17:00:01","modified_gmt":"2018-11-27T17:00:01","slug":"f24-ag-baut-europaeische-marktfuehrerschaft-durch-uebernahme-der-m-plify-s-a-aus","status":"publish","type":"post","link":"https:\/\/hier-luebeck.de\/index.php\/f24-ag-baut-europaeische-marktfuehrerschaft-durch-uebernahme-der-m-plify-s-a-aus\/","title":{"rendered":"F24 AG baut europ\u00e4ische Marktf\u00fchrerschaft durch \u00dcbernahme der M-PLIFY S.A. aus"},"content":{"rendered":"<p>M\u00fcnchen und Luxemburg (ots) &#8211;   &#8211; F24 gewinnt rund 150 zus\u00e4tzliche Unternehmenskunden in Luxemburg  und Belgien. &#8211; Durch die \u00dcbernahme wird F24 zur neuen Nummer eins auf den  franz\u00f6sischsprachigen M\u00e4rkten in Europa.<!--more-->  &#8211; Die Akquisition beschleunigt den Wachstumskurs von F24.      Die F24 AG st\u00e4rkt ihre Position als europ\u00e4ischer Marktf\u00fchrer in  den Bereichen Alarmierung, Krisenmanagement und kritische  Gesch\u00e4ftskommunikation mit der \u00dcbernahme der luxemburgischen M-PLIFY  S.A., dem f\u00fchrenden Anbieter von SaaS-basierten Alarmierungs- und  Krisenmanagementl\u00f6sungen in Luxemburg und Belgien.     Mit diesem Schritt erh\u00e4lt F24 Zugang zu rund 150 weiteren  Unternehmenskunden in Luxemburg und Belgien und wird die Nummer Eins  auf den franz\u00f6sischsprachigen M\u00e4rkten. Die \u00dcbernahme der M-PLIFY S.A. mit ihrem Hauptprodukt AlarmTILT steht in Einklang mit der Strategie  von F24, die f\u00fchrende paneurop\u00e4ische Plattform f\u00fcr Alarmierung und  Krisenmanagement zu schaffen. Der Wachstumskurs von F24 wird neben  dem organischen Wachstum durch die Akquisition als Bestandteil der  Buy-and-Build-Strategie von F24 erfolgreich beschleunigt. Raymond  James fungierte als exklusiver M&amp;A-Berater f\u00fcr F24 und die  Gesellschafter.      &#8222;Wir freuen uns au\u00dferordentlich, den f\u00fchrenden Anbieter von  SaaS-basierten Alarmierungs- und Krisenmanagementl\u00f6sungen in  Luxemburg und Belgien nun zu F24 z\u00e4hlen zu k\u00f6nnen&#8220;, sagt Dr. J\u00f6rg  Rahmer, Vorstandssprecher der F24 und zust\u00e4ndig f\u00fcr Strategie,  Innovation und Produktmanagement. &#8222;Dies ist ein wichtiger Schritt, um unsere Marktabdeckung in Europa deutlich auszubauen und macht F24 in  den hochattraktiven franz\u00f6sischsprachigen M\u00e4rkten zum klaren  Marktf\u00fchrer.&#8220;     Die M-PLIFY S.A. wird eine hundertprozentige Tochtergesellschaft  der F24 AG. CEO Izidor Ciglar wird seine Arbeit uneingeschr\u00e4nkt  fortsetzen, um auch weiterhin den exzellenten Service f\u00fcr die Kunden  zu garantieren. Zudem investiert er einen betr\u00e4chtlichen Anteil  seiner Verkaufserl\u00f6se in F24. Die Transaktion erm\u00f6glicht beiden  Unternehmen, einer gr\u00f6\u00dferen Anzahl an Unternehmen noch umfassendere  L\u00f6sungen anzubieten.     Izidor Ciglar: &#8222;Wir freuen uns sehr, nun Teil von F24 zu sein und  sind besonders froh, dass unsere Herangehensweise als Unternehmen,  qualitativ hochwertige Dienstleistungen anzubieten und sehr eng mit  unseren Kunden zusammenzuarbeiten, konsequent fortgesetzt und weiter  ausgebaut wird. Ich pers\u00f6nlich bin zudem sehr gl\u00fccklich, die Zukunft  f\u00fcr unsere Kunden nun innerhalb der F24 aktiv mitgestalten zu k\u00f6nnen  und dazu beizutragen, den europ\u00e4ischen Marktf\u00fchrer im Bereich  Alarmierung und Krisenmanagement weiter zu st\u00e4rken. In der heutigen  globalisierten Welt ist es wichtiger denn je Kr\u00e4fte zu b\u00fcndeln.&#8220;     Dr. J\u00f6rg Rahmer erg\u00e4nzt: &#8222;Was uns verbindet, ist zum einen die  enge Beziehung zu unseren Kunden in den lokalen M\u00e4rkten sowie zum  anderen unsere globale Perspektive. Auf dieser Grundlage werden wir  den nachhaltigen Wachstumskurs von F24 fortsetzen.&#8220; Bereits seit 2017 hat F24 die Anzahl seiner Mitarbeiter verdoppelt und die Expansion  mit der Er\u00f6ffnung von sieben neuen B\u00fcros vorangetrieben. Mit mehreren Standorten in Europa sowie B\u00fcros im Mittleren Osten und S\u00fcdamerika  betreut F24 heute mehr als 1.700 Unternehmenskunden in \u00fcber 80  L\u00e4ndern.     Weitere Informationen finden Sie hier: https:\/\/www.f24.com\/presse\/    Pressekontakt: Dr. Stefanie Hauer  Corporate Communications  F24 AG  +49 89 2323 638-0  presse@f24.com  www.f24.com  Original-Content von: F24 AG, \u00fcbermittelt durch news aktuell<\/p>\n<p>Quelle: <a href=\"https:\/\/www.presseportal.de\/pm\/62168\/4127730\" target=\"_blank\">presseportal.de<\/a><\/p>\n","protected":false},"excerpt":{"rendered":"<p>M\u00fcnchen und Luxemburg (ots) &#8211; &#8211; F24 gewinnt rund 150 zus\u00e4tzliche Unternehmenskunden in Luxemburg und Belgien. &#8211; Durch die \u00dcbernahme<\/p>\n","protected":false},"author":3,"featured_media":0,"comment_status":"open","ping_status":"open","sticky":false,"template":"","format":"standard","meta":{"colormag_page_container_layout":"default_layout","colormag_page_sidebar_layout":"default_layout","footnotes":""},"categories":[5],"tags":[],"class_list":["post-268910","post","type-post","status-publish","format-standard","hentry","category-politik-wirtschaft"],"_links":{"self":[{"href":"https:\/\/hier-luebeck.de\/index.php\/wp-json\/wp\/v2\/posts\/268910","targetHints":{"allow":["GET"]}}],"collection":[{"href":"https:\/\/hier-luebeck.de\/index.php\/wp-json\/wp\/v2\/posts"}],"about":[{"href":"https:\/\/hier-luebeck.de\/index.php\/wp-json\/wp\/v2\/types\/post"}],"author":[{"embeddable":true,"href":"https:\/\/hier-luebeck.de\/index.php\/wp-json\/wp\/v2\/users\/3"}],"replies":[{"embeddable":true,"href":"https:\/\/hier-luebeck.de\/index.php\/wp-json\/wp\/v2\/comments?post=268910"}],"version-history":[{"count":0,"href":"https:\/\/hier-luebeck.de\/index.php\/wp-json\/wp\/v2\/posts\/268910\/revisions"}],"wp:attachment":[{"href":"https:\/\/hier-luebeck.de\/index.php\/wp-json\/wp\/v2\/media?parent=268910"}],"wp:term":[{"taxonomy":"category","embeddable":true,"href":"https:\/\/hier-luebeck.de\/index.php\/wp-json\/wp\/v2\/categories?post=268910"},{"taxonomy":"post_tag","embeddable":true,"href":"https:\/\/hier-luebeck.de\/index.php\/wp-json\/wp\/v2\/tags?post=268910"}],"curies":[{"name":"wp","href":"https:\/\/api.w.org\/{rel}","templated":true}]}}