{"id":268937,"date":"2018-11-28T06:55:34","date_gmt":"2018-11-28T06:55:34","guid":{"rendered":"http:\/\/www.hier-luebeck.de\/politik-wirtschaft\/rbb-inforadio-stahlknecht-wirbt-fuer-weichenstellung\/"},"modified":"2018-11-28T06:55:34","modified_gmt":"2018-11-28T06:55:34","slug":"rbb-inforadio-stahlknecht-wirbt-fuer-weichenstellung","status":"publish","type":"post","link":"https:\/\/hier-luebeck.de\/index.php\/rbb-inforadio-stahlknecht-wirbt-fuer-weichenstellung\/","title":{"rendered":"rbb-Inforadio: Stahlknecht wirbt f\u00fcr &#8222;Weichenstellung&#8220;"},"content":{"rendered":"<p>Berlin (ots) &#8211; Der Innenminister von Sachsen-Anhalt, Holger  Stahlknecht (CDU), hat sich daf\u00fcr ausgesprochen, gut integrierte  Asylbewerber nicht abzuschieben.     Stattdessen sollte man ihnen die Chance geben, hier zu bleiben &#8211;  und zwar \u00fcber das geplante Fachkr\u00e4fteeinwanderungsgesetz, sagte der  CDU-Politiker am Mittwoch im Inforadio vom rbb.<!--more--> Dabei sprach er im  Vorfeld der Innenminister-Konferenz in Magdeburg nicht von  Spurwechsel wie Schleswig-Holsteins Ministerpr\u00e4sident Daniel G\u00fcnther  (CDU), sondern von &#8222;Weichenstellung&#8220;.     &#8222;Wir werden auch reden m\u00fcssen, was mit denjenigen ist, die schon  l\u00e4ngere Zeit hier als Geduldete sind, sich aber integriert haben,  einen Arbeitsplatz haben, die Kinder in die Schule gehen, unsere  Sprache sprechen. Dass man die dann m\u00f6glicherweise nicht (&#8230;)  abschiebt, sondern eben durch eine Weichenstellung \u00fcber dieses  Fachkr\u00e4fteeinwanderungsgesetz auch bei uns beh\u00e4lt, weil Sie k\u00f6nnen  niemandem in einem Unternehmen erkl\u00e4ren, dass jemand, der dort gute  Arbeit leistet, den nach sieben acht Jahren abzuschieben.&#8220;    Pressekontakt: Rundfunk Berlin-Brandenburg INFOradio Chef \/ Chefin vom Dienst Tel.: 030 &#8211; 97993 &#8211; 37400 Mail: info@inforadio.de  Original-Content von: Rundfunk Berlin-Brandenburg (rbb), \u00fcbermittelt durch news aktuell<\/p>\n<p>Quelle: <a href=\"https:\/\/www.presseportal.de\/pm\/51580\/4127854\" target=\"_blank\">presseportal.de<\/a><\/p>\n","protected":false},"excerpt":{"rendered":"<p>Berlin (ots) &#8211; Der Innenminister von Sachsen-Anhalt, Holger Stahlknecht (CDU), hat sich daf\u00fcr ausgesprochen, gut integrierte Asylbewerber nicht abzuschieben. Stattdessen<\/p>\n","protected":false},"author":3,"featured_media":0,"comment_status":"open","ping_status":"open","sticky":false,"template":"","format":"standard","meta":{"colormag_page_container_layout":"default_layout","colormag_page_sidebar_layout":"default_layout","footnotes":""},"categories":[5],"tags":[],"class_list":["post-268937","post","type-post","status-publish","format-standard","hentry","category-politik-wirtschaft"],"_links":{"self":[{"href":"https:\/\/hier-luebeck.de\/index.php\/wp-json\/wp\/v2\/posts\/268937","targetHints":{"allow":["GET"]}}],"collection":[{"href":"https:\/\/hier-luebeck.de\/index.php\/wp-json\/wp\/v2\/posts"}],"about":[{"href":"https:\/\/hier-luebeck.de\/index.php\/wp-json\/wp\/v2\/types\/post"}],"author":[{"embeddable":true,"href":"https:\/\/hier-luebeck.de\/index.php\/wp-json\/wp\/v2\/users\/3"}],"replies":[{"embeddable":true,"href":"https:\/\/hier-luebeck.de\/index.php\/wp-json\/wp\/v2\/comments?post=268937"}],"version-history":[{"count":0,"href":"https:\/\/hier-luebeck.de\/index.php\/wp-json\/wp\/v2\/posts\/268937\/revisions"}],"wp:attachment":[{"href":"https:\/\/hier-luebeck.de\/index.php\/wp-json\/wp\/v2\/media?parent=268937"}],"wp:term":[{"taxonomy":"category","embeddable":true,"href":"https:\/\/hier-luebeck.de\/index.php\/wp-json\/wp\/v2\/categories?post=268937"},{"taxonomy":"post_tag","embeddable":true,"href":"https:\/\/hier-luebeck.de\/index.php\/wp-json\/wp\/v2\/tags?post=268937"}],"curies":[{"name":"wp","href":"https:\/\/api.w.org\/{rel}","templated":true}]}}