{"id":268958,"date":"2018-11-28T11:04:17","date_gmt":"2018-11-28T11:04:17","guid":{"rendered":"http:\/\/www.hier-luebeck.de\/besondere-neuigkeiten\/pol-hl-oh_malente-vermisste-person-walter-d-folgemeldung-mit-lichtbild\/"},"modified":"2018-11-28T11:04:17","modified_gmt":"2018-11-28T11:04:17","slug":"pol-hl-oh_malente-vermisste-person-walter-d-folgemeldung-mit-lichtbild","status":"publish","type":"post","link":"https:\/\/hier-luebeck.de\/index.php\/pol-hl-oh_malente-vermisste-person-walter-d-folgemeldung-mit-lichtbild\/","title":{"rendered":"POL-HL: OH_Malente    \/\n\nVermisste Person Walter D. &#8211; Folgemeldung mit Lichtbild"},"content":{"rendered":"<p><img decoding=\"async\" class=\"alignleft size-full\" title=\"Polizei: Bild freigegeben\" src=\"https:\/\/cache.pressmailing.net\/thumbnail\/story_big\/e3036730-bdfa-4eba-8bb0-426b6384192e\/WalterD..JPG\" \/><\/p>\n<p>L\u00fcbeck (ots) &#8211;     Seit Montag, dem 19.11.2018, wird der aus Heiligenhafen stammende, 87-j\u00e4hrige Walter D., der in einer Seniorenresidenz in Malente lebte, vermisst. Walter D. ist circa 180 Zentimeter gro\u00df, schlank, und  Brillentr\u00e4ger. Er ist mit einer dunkelgrauen Cap und einer leuchtend  roten Winterjacke bekleidet. Walter D.<!--more--> ist gut zu Fu\u00df und wurde von  mehreren Zeugen in Sasel \/Kreis Pl\u00f6n und an der B 430, in Richtung  L\u00fctjenburg gehend, gesehen. Er k\u00f6nnte sich auf dem Weg nach  Heiligenhafen befunden haben. Umfangreiche Suchma\u00dfnahmen von Polizei, Feuerwehr und Angeh\u00f6rigen auch unter Einsatz von Suchhunden und  Hubschrauber verliefen negativ.     Wer hat Walter D. am Dienstag, 20.11.2018 oder Mittwoch,  21.11.2018 gesehen? Hat jemand den Mann eventuell im Fahrzeug  mitgenommen?     Hinweise werden erbeten an die Kriminalpolizeistelle Eutin  (04521\/801-0) oder an jede andere Polizeidienststelle.     <\/p>\n<p>Quelle: <a href=\"https:\/\/www.presseportal.de\/blaulicht\/pm\/43738\/4128182\" target=\"_blank\">presseportal.de<\/a><\/p>\n","protected":false},"excerpt":{"rendered":"<p>L\u00fcbeck (ots) &#8211; Seit Montag, dem 19.11.2018, wird der aus Heiligenhafen stammende, 87-j\u00e4hrige Walter D., der in einer Seniorenresidenz in<\/p>\n","protected":false},"author":3,"featured_media":0,"comment_status":"open","ping_status":"open","sticky":false,"template":"","format":"standard","meta":{"colormag_page_container_layout":"default_layout","colormag_page_sidebar_layout":"default_layout","footnotes":""},"categories":[20],"tags":[],"class_list":["post-268958","post","type-post","status-publish","format-standard","hentry","category-besondere-neuigkeiten"],"_links":{"self":[{"href":"https:\/\/hier-luebeck.de\/index.php\/wp-json\/wp\/v2\/posts\/268958","targetHints":{"allow":["GET"]}}],"collection":[{"href":"https:\/\/hier-luebeck.de\/index.php\/wp-json\/wp\/v2\/posts"}],"about":[{"href":"https:\/\/hier-luebeck.de\/index.php\/wp-json\/wp\/v2\/types\/post"}],"author":[{"embeddable":true,"href":"https:\/\/hier-luebeck.de\/index.php\/wp-json\/wp\/v2\/users\/3"}],"replies":[{"embeddable":true,"href":"https:\/\/hier-luebeck.de\/index.php\/wp-json\/wp\/v2\/comments?post=268958"}],"version-history":[{"count":0,"href":"https:\/\/hier-luebeck.de\/index.php\/wp-json\/wp\/v2\/posts\/268958\/revisions"}],"wp:attachment":[{"href":"https:\/\/hier-luebeck.de\/index.php\/wp-json\/wp\/v2\/media?parent=268958"}],"wp:term":[{"taxonomy":"category","embeddable":true,"href":"https:\/\/hier-luebeck.de\/index.php\/wp-json\/wp\/v2\/categories?post=268958"},{"taxonomy":"post_tag","embeddable":true,"href":"https:\/\/hier-luebeck.de\/index.php\/wp-json\/wp\/v2\/tags?post=268958"}],"curies":[{"name":"wp","href":"https:\/\/api.w.org\/{rel}","templated":true}]}}