{"id":268963,"date":"2018-11-28T10:40:00","date_gmt":"2018-11-28T10:40:00","guid":{"rendered":"http:\/\/www.hier-luebeck.de\/politik-wirtschaft\/ausfall-der-it-kostet-10-mio-euro-pro-jahr\/"},"modified":"2018-11-28T10:40:00","modified_gmt":"2018-11-28T10:40:00","slug":"ausfall-der-it-kostet-10-mio-euro-pro-jahr","status":"publish","type":"post","link":"https:\/\/hier-luebeck.de\/index.php\/ausfall-der-it-kostet-10-mio-euro-pro-jahr\/","title":{"rendered":"Ausfall der IT kostet 10 Mio. Euro pro Jahr"},"content":{"rendered":"<p>Bochum (ots) &#8211; 7Alliance-Expertengremium warnt \u00fcber Studie  &#8222;Entwicklung und Zukunft der Rechenzentren 2018&#8220; vor horrenden  Schadenssummen durch Ausf\u00e4lle in Rechenzentren     10 Millionen Euro kostet der Ausfall des Rechenzentrums im Schnitt ein Unternehmen pro Jahr.<!--more--> Das vermuten mit 42 Prozent fast die H\u00e4lfte der im Rahmen der Studie &#8222;Entwicklung und Zukunft der Rechenzentren  2018&#8220; befragten IT-Experten. Die Untersuchung wurde von dem  Expertengremium der 7Alliance (www.7-alliance.com) in Auftrag  gegeben. Mehr als 5 Millionen Euro Schaden vermuten noch 28 Prozent  der Befragten. 12 Prozent sprechen von weniger als 5 Millionen Euro,  w\u00e4hrend 7 Prozent weniger als drei Millionen Euro Schaden pro Jahr  vermuten. &#8222;Sch\u00e4den in Millionenh\u00f6he sind bei einem Ausfall der IT  keine Seltenheit. Darauf sollten sich Unternehmen am besten schon bei der Planung des Rechenzentrums vorbereiten&#8220;, sagt Thomas Lechner,  Gesch\u00e4ftsf\u00fchrer der INST-IT und Mit-Initiator der 7Alliance.     Zahlreiche Kostentreiber      Die Kosten eines Ausfalls haben zahlreichen Ursachen und sind auf  keine Art limitiert. Sie k\u00f6nnen direkt oder indirekt verursacht  werden. Direkte Kosten entstehen durch den Ausfall von Maschinen,  durch die die Produktion eingestellt werden muss. Mitarbeiter k\u00f6nnen  nicht mehr zufriedenstellend arbeiten, oder m\u00fcssen sogar nach Hause  geschickt werden. Dazu kommen Kosten, um einen m\u00f6glichen Schaden  wieder zu beheben. &#8222;Schon alleine das Krisenmanagement bei einer  Marketingabteilung kann Unsummen verschlingen&#8220;, so Lechner.     Den Notfall proben      Lechner r\u00e4t Unternehmen, die von den Leistungen eines  Rechenzentrums stark abh\u00e4ngig sind, dessen Funktionsweise in einem  Blackbuilding-Test regelm\u00e4\u00dfig zu pr\u00fcfen. Laut der 7Alliance-Studie  bereiten sich Betreiben von Rechenzentren noch viel zu selten auf  einen Notfall vor. (66 Prozent). &#8222;Solche Tests decken unvorstellbare  M\u00e4ngel auf und regen nicht zuletzt zum Nachdenken an. So albern es  vielleicht auf Anhieb klingen mag: Es ist einfach wichtig zu wissen,  wo die Taschenlampe am besten liegen sollte, wenn die Lichter  ausgehen&#8220;, erg\u00e4nzt Robert Hellwig, Gesch\u00e4ftsf\u00fchrer des  7Alliance-Mitglieds CARMAO.     7Alliance ist der erprobte Zusammenschluss von sieben etablierten  IT-Unternehmen rund um alle Dimensionen der IT-Sicherheit. Die  geb\u00fcndelte Expertise bildet die Basis f\u00fcr individuell getriebene  Rechenzentrum-Innovationen, die Hochverf\u00fcgbarkeit, Sicherheit und  Energieeffizienz synergetisch verbinden. Das Angebot reicht von der  Planung, Bau und Betrieb von Rechenzentren \u00fcber vielf\u00e4ltige  Sicherheitsmechanismen f\u00fcr Netzwerke bis hin zum gesamten  Sicherheitsmanagement in Unternehmen. Das B\u00fcndnis zeichnet sich durch individuelle und bedarfsgerechte L\u00f6sungen aus, die schnell und  flexibel in jeder digitalen Phase Transparenz und Klarheit f\u00fcr  potenzielle Investitionsprozesse schaffen. Zu den Kunden z\u00e4hlen  namhafte Unternehmen aus allen Industrien des gehobenen Mittelstandes sowie europ\u00e4ische, b\u00f6rsennotierte Unternehmen. Unter dem bew\u00e4hrten  Dach der 7Alliance stehen: avato consulting ag, CARMAO GmbH, congiv  GmbH, COOLtec Systems Klima K\u00e4lte GmbH,  INST-IT GmbH | Institut f\u00fcr  IT-Sicherheit, JBL Services GmbH sowie ingenieurb\u00fcro wieczorek GmbH.    Weitere Informationen: 7Alliance, vertreten durch Thomas Lechner, S\u00fcdring 8, 44787 Bochum,  Telefon: 0700 467 848 33, E-Mail: info@7-alliance.de, Internet:  www.7-alliance.de  PR-Agentur: euromarcom public relations GmbH, Tel.: 0611 \/ 973150,  E-Mail: team@euromarcom.de, Internet: www.euromarcom.de  Original-Content von: 7Alliance, \u00fcbermittelt durch news aktuell<\/p>\n<p>Quelle: <a href=\"https:\/\/www.presseportal.de\/pm\/129725\/4128127\" target=\"_blank\">presseportal.de<\/a><\/p>\n","protected":false},"excerpt":{"rendered":"<p>Bochum (ots) &#8211; 7Alliance-Expertengremium warnt \u00fcber Studie &#8222;Entwicklung und Zukunft der Rechenzentren 2018&#8220; vor horrenden Schadenssummen durch Ausf\u00e4lle in Rechenzentren<\/p>\n","protected":false},"author":3,"featured_media":0,"comment_status":"open","ping_status":"open","sticky":false,"template":"","format":"standard","meta":{"colormag_page_container_layout":"default_layout","colormag_page_sidebar_layout":"default_layout","footnotes":""},"categories":[5],"tags":[],"class_list":["post-268963","post","type-post","status-publish","format-standard","hentry","category-politik-wirtschaft"],"_links":{"self":[{"href":"https:\/\/hier-luebeck.de\/index.php\/wp-json\/wp\/v2\/posts\/268963","targetHints":{"allow":["GET"]}}],"collection":[{"href":"https:\/\/hier-luebeck.de\/index.php\/wp-json\/wp\/v2\/posts"}],"about":[{"href":"https:\/\/hier-luebeck.de\/index.php\/wp-json\/wp\/v2\/types\/post"}],"author":[{"embeddable":true,"href":"https:\/\/hier-luebeck.de\/index.php\/wp-json\/wp\/v2\/users\/3"}],"replies":[{"embeddable":true,"href":"https:\/\/hier-luebeck.de\/index.php\/wp-json\/wp\/v2\/comments?post=268963"}],"version-history":[{"count":0,"href":"https:\/\/hier-luebeck.de\/index.php\/wp-json\/wp\/v2\/posts\/268963\/revisions"}],"wp:attachment":[{"href":"https:\/\/hier-luebeck.de\/index.php\/wp-json\/wp\/v2\/media?parent=268963"}],"wp:term":[{"taxonomy":"category","embeddable":true,"href":"https:\/\/hier-luebeck.de\/index.php\/wp-json\/wp\/v2\/categories?post=268963"},{"taxonomy":"post_tag","embeddable":true,"href":"https:\/\/hier-luebeck.de\/index.php\/wp-json\/wp\/v2\/tags?post=268963"}],"curies":[{"name":"wp","href":"https:\/\/api.w.org\/{rel}","templated":true}]}}