{"id":268965,"date":"2018-11-28T09:42:52","date_gmt":"2018-11-28T09:42:52","guid":{"rendered":"http:\/\/www.hier-luebeck.de\/politik-wirtschaft\/rbb-inforadio-exklusiv-gueler-unterstuetzt-seehofer-forderung-nach-unabhaengigen-muslimischen-gemeinden\/"},"modified":"2018-11-28T09:42:52","modified_gmt":"2018-11-28T09:42:52","slug":"rbb-inforadio-exklusiv-gueler-unterstuetzt-seehofer-forderung-nach-unabhaengigen-muslimischen-gemeinden","status":"publish","type":"post","link":"https:\/\/hier-luebeck.de\/index.php\/rbb-inforadio-exklusiv-gueler-unterstuetzt-seehofer-forderung-nach-unabhaengigen-muslimischen-gemeinden\/","title":{"rendered":"rbb-Inforadio exklusiv: G\u00fcler unterst\u00fctzt Seehofer-Forderung nach unabh\u00e4ngigen muslimischen Gemeinden"},"content":{"rendered":"<p>Berlin (ots) &#8211; Kurz vor Beginn der Berliner Islamkonferenz hat  sich die Staatssekret\u00e4rin im nordrhein-westf\u00e4lischen  Integrationsministerium, Serap G\u00fcler (CDU), f\u00fcr eine vom Ausland  unabh\u00e4ngige Finanzierung muslimischer Gemeinden ausgesprochen.     Sie unterst\u00fctzt damit eine entsprechende Forderung von  Bundesinnenminister Seehofer.<!--more--> G\u00fcler sagte am Mittwoch im Inforadio  vom rbb, denkbar sei beispielsweise eine Moscheesteuer. Allerdings  sei es bis dahin noch ein weiter Weg. Bis zu einer Regelung sollten  sich muslimische Gemeinden \u00fcber eigene Mitgliedsbeitr\u00e4ge oder Spenden finanzieren, wie dies bereits beim Bau der meisten Moscheen in  Deutschland praktiziert werde. &#8222;Warum sollte es nicht ein \u00e4hnliches  Modell zur Finanzierung der Imame geben&#8220;, f\u00fcgte G\u00fcler hinzu.     Der Satz &#8222;Der Islam geh\u00f6rt zu Deutschland&#8220; m\u00fcsse nicht nur von den Islamverb\u00e4nden gefeiert, sondern auch mit Inhalten gef\u00fcllt werden, so G\u00fcler. Zugleich sprach sie sich daf\u00fcr aus, dass Imame in der Lage  sein sollten, sich in deutscher Sprache zu verst\u00e4ndigen.    Pressekontakt: Rundfunk Berlin-Brandenburg INFOradio Chef \/ Chefin vom Dienst Tel.: 030 &#8211; 97993 &#8211; 37400 Mail: info@inforadio.de  Original-Content von: Rundfunk Berlin-Brandenburg (rbb), \u00fcbermittelt durch news aktuell<\/p>\n<p>Quelle: <a href=\"https:\/\/www.presseportal.de\/pm\/51580\/4128015\" target=\"_blank\">presseportal.de<\/a><\/p>\n","protected":false},"excerpt":{"rendered":"<p>Berlin (ots) &#8211; Kurz vor Beginn der Berliner Islamkonferenz hat sich die Staatssekret\u00e4rin im nordrhein-westf\u00e4lischen Integrationsministerium, Serap G\u00fcler (CDU), f\u00fcr<\/p>\n","protected":false},"author":3,"featured_media":0,"comment_status":"open","ping_status":"open","sticky":false,"template":"","format":"standard","meta":{"colormag_page_container_layout":"default_layout","colormag_page_sidebar_layout":"default_layout","footnotes":""},"categories":[5],"tags":[],"class_list":["post-268965","post","type-post","status-publish","format-standard","hentry","category-politik-wirtschaft"],"_links":{"self":[{"href":"https:\/\/hier-luebeck.de\/index.php\/wp-json\/wp\/v2\/posts\/268965","targetHints":{"allow":["GET"]}}],"collection":[{"href":"https:\/\/hier-luebeck.de\/index.php\/wp-json\/wp\/v2\/posts"}],"about":[{"href":"https:\/\/hier-luebeck.de\/index.php\/wp-json\/wp\/v2\/types\/post"}],"author":[{"embeddable":true,"href":"https:\/\/hier-luebeck.de\/index.php\/wp-json\/wp\/v2\/users\/3"}],"replies":[{"embeddable":true,"href":"https:\/\/hier-luebeck.de\/index.php\/wp-json\/wp\/v2\/comments?post=268965"}],"version-history":[{"count":0,"href":"https:\/\/hier-luebeck.de\/index.php\/wp-json\/wp\/v2\/posts\/268965\/revisions"}],"wp:attachment":[{"href":"https:\/\/hier-luebeck.de\/index.php\/wp-json\/wp\/v2\/media?parent=268965"}],"wp:term":[{"taxonomy":"category","embeddable":true,"href":"https:\/\/hier-luebeck.de\/index.php\/wp-json\/wp\/v2\/categories?post=268965"},{"taxonomy":"post_tag","embeddable":true,"href":"https:\/\/hier-luebeck.de\/index.php\/wp-json\/wp\/v2\/tags?post=268965"}],"curies":[{"name":"wp","href":"https:\/\/api.w.org\/{rel}","templated":true}]}}