{"id":268988,"date":"2018-11-28T13:57:24","date_gmt":"2018-11-28T13:57:24","guid":{"rendered":"http:\/\/www.hier-luebeck.de\/besondere-neuigkeiten\/pol-hl-polizeidirektion-luebeck-sexueller-uebergriff-in-luebeck-moisling-taetersuche-mit-phantombild\/"},"modified":"2018-11-28T13:57:24","modified_gmt":"2018-11-28T13:57:24","slug":"pol-hl-polizeidirektion-luebeck-sexueller-uebergriff-in-luebeck-moisling-taetersuche-mit-phantombild","status":"publish","type":"post","link":"https:\/\/hier-luebeck.de\/index.php\/pol-hl-polizeidirektion-luebeck-sexueller-uebergriff-in-luebeck-moisling-taetersuche-mit-phantombild\/","title":{"rendered":"POL-HL: Polizeidirektion L\u00fcbeck    \/\n\nSexueller \u00dcbergriff in L\u00fcbeck-Moisling &#8211; T\u00e4tersuche mit Phantombild"},"content":{"rendered":"<p><img decoding=\"async\" class=\"alignleft size-full\" title=\"Polizei: Bild freigegeben\" src=\"https:\/\/cache.pressmailing.net\/thumbnail\/story_big\/db89772a-b0e4-49b1-afef-11ee8acf4351\/PhantombildMoisling.jpg\" \/><\/p>\n<p>L\u00fcbeck (ots) &#8211;     ++ Gemeinsame Medieninformation der Staatsanwaltschaft L\u00fcbeck und  der Polizeidirektion L\u00fcbeck ++     Am 28. August 2018 gegen 17:00 Uhr kam es zu einem sexuellen  \u00dcbergriff in dem Park nahe der Niendorfer Stra\u00dfe in Moisling. Eine  32-j\u00e4hrige Frau ist von einem unbekannten Mann angesprochen worden.<!--more-->  Im Laufe des Gespr\u00e4chs ist der Mann aggressiv geworden und es kam zu  einem schweren sexuellen \u00dcbergriff auf die Frau.     Trotz der umfangreichen Ermittlungen der L\u00fcbecker Kriminalpolizei  konnte der T\u00e4ter bisher nicht ermittelt werden.     Der Beschreibung nach soll der Mann circa 50 Jahre alt und circa  180 Zentimeter gro\u00df sein. Auff\u00e4llig sollen die verwahrlosten  Erscheinung des Mannes, ein Nasenring sowie ein Anker-Tattoo auf dem  Handr\u00fccken sein. Zur Tatzeit soll der Mann einen dunkelblauen  Pullover, eine dunkle Regenjacke und eine verdreckte hellblaue Jeans  getragen haben.     Mit Hilfe eines Phantombildes bittet das Kommissariat 11 der  Kriminalpolizei in L\u00fcbeck unter 0451 &#8211; 1310 um Hinweise. Wer hat am  28.08.2018 in dem Bereich des Parks an der Niendorfer Stra\u00dfe  verd\u00e4chtige Beobachtungen im Zusammenhang mit der Tat gemacht? Wer  kann Hinweise zur Identit\u00e4t des Gesuchten geben?     <\/p>\n<p>Quelle: <a href=\"https:\/\/www.presseportal.de\/blaulicht\/pm\/43738\/4128493\" target=\"_blank\">presseportal.de<\/a><\/p>\n","protected":false},"excerpt":{"rendered":"<p>L\u00fcbeck (ots) &#8211; ++ Gemeinsame Medieninformation der Staatsanwaltschaft L\u00fcbeck und der Polizeidirektion L\u00fcbeck ++ Am 28. August 2018 gegen 17:00<\/p>\n","protected":false},"author":3,"featured_media":0,"comment_status":"open","ping_status":"open","sticky":false,"template":"","format":"standard","meta":{"colormag_page_container_layout":"default_layout","colormag_page_sidebar_layout":"default_layout","footnotes":""},"categories":[20],"tags":[],"class_list":["post-268988","post","type-post","status-publish","format-standard","hentry","category-besondere-neuigkeiten"],"_links":{"self":[{"href":"https:\/\/hier-luebeck.de\/index.php\/wp-json\/wp\/v2\/posts\/268988","targetHints":{"allow":["GET"]}}],"collection":[{"href":"https:\/\/hier-luebeck.de\/index.php\/wp-json\/wp\/v2\/posts"}],"about":[{"href":"https:\/\/hier-luebeck.de\/index.php\/wp-json\/wp\/v2\/types\/post"}],"author":[{"embeddable":true,"href":"https:\/\/hier-luebeck.de\/index.php\/wp-json\/wp\/v2\/users\/3"}],"replies":[{"embeddable":true,"href":"https:\/\/hier-luebeck.de\/index.php\/wp-json\/wp\/v2\/comments?post=268988"}],"version-history":[{"count":0,"href":"https:\/\/hier-luebeck.de\/index.php\/wp-json\/wp\/v2\/posts\/268988\/revisions"}],"wp:attachment":[{"href":"https:\/\/hier-luebeck.de\/index.php\/wp-json\/wp\/v2\/media?parent=268988"}],"wp:term":[{"taxonomy":"category","embeddable":true,"href":"https:\/\/hier-luebeck.de\/index.php\/wp-json\/wp\/v2\/categories?post=268988"},{"taxonomy":"post_tag","embeddable":true,"href":"https:\/\/hier-luebeck.de\/index.php\/wp-json\/wp\/v2\/tags?post=268988"}],"curies":[{"name":"wp","href":"https:\/\/api.w.org\/{rel}","templated":true}]}}